{"id":31762,"date":"2023-06-16T18:29:20","date_gmt":"2023-06-16T18:29:20","guid":{"rendered":"https:\/\/www.elpolitologoyelpolitico.com.ar\/wordpress\/?p=31762"},"modified":"2023-06-16T18:29:22","modified_gmt":"2023-06-16T18:29:22","slug":"detectaron-a-un-mayorista-con-mas-de-490-productos-vencidos","status":"publish","type":"post","link":"https:\/\/www.elpolitologoyelpolitico.com.ar\/wordpress\/2023\/06\/16\/detectaron-a-un-mayorista-con-mas-de-490-productos-vencidos\/","title":{"rendered":"Detectaron a un mayorista con m\u00e1s de 490 productos vencidos"},"content":{"rendered":"\n<p>Fueron detectados en Luis Beltr\u00e1n por el cuerpo de fiscalizaci\u00f3n de la Agencia de Recaudaci\u00f3n en el marco de los controles de lealtad comercial y Defensa del Consumidor.<\/p>\n\n\n\n<p>En total fueron 496 los productos retirados de g\u00f3ndola, entre los que se encontraron lacteos, fideos, arroz, caf\u00e9, disco de empanadas, golosinas.<\/p>\n\n\n\n<p>Se realiz\u00f3 el acta de infracci\u00f3n con su anexo y detalle de la fecha de vencimiento de cada producto, para aplicar las sanciones correspondientes por estas irregularidades. Asimismo se verific\u00f3 el retiro y destrucci\u00f3n de los mismos.<\/p>\n\n\n\n<p>Los controles de cumplimiento de las leyes de lealtad comercial y de defensa del consumidor se realizan de forma permanente en todas las localidades de la provincia.<\/p>\n\n\n\n<p>Forman parte de las acciones de fiscalizaci\u00f3n de la Agencia de Recaudaci\u00f3n Tributaria, conjuntamente con verificaciones impositivas.<\/p>\n<div class=\"fb-background-color\">\n\t\t\t  <div \n\t\t\t  \tclass = \"fb-comments\" \n\t\t\t  \tdata-href = \"https:\/\/www.elpolitologoyelpolitico.com.ar\/wordpress\/2023\/06\/16\/detectaron-a-un-mayorista-con-mas-de-490-productos-vencidos\/\"\n\t\t\t  \tdata-numposts = \"10\"\n\t\t\t  \tdata-lazy = \"true\"\n\t\t\t\tdata-colorscheme = \"light\"\n\t\t\t\tdata-order-by = \"social\"\n\t\t\t\tdata-mobile=true>\n\t\t\t  <\/div><\/div>\n\t\t  <style>\n\t\t    .fb-background-color {\n\t\t\t\tbackground: #ffffff !important;\n\t\t\t}\n\t\t\t.fb_iframe_widget_fluid_desktop iframe {\n\t\t\t    width: 100% !important;\n\t\t\t}\n\t\t  <\/style>\n\t\t  ","protected":false},"excerpt":{"rendered":"<p>Fueron detectados en Luis Beltr\u00e1n por el cuerpo de fiscalizaci\u00f3n de la Agencia de Recaudaci\u00f3n en el marco de los controles de lealtad comercial y Defensa del Consumidor. En total fueron 496 los productos retirados de g\u00f3ndola, entre los que se encontraron lacteos, fideos, arroz, caf\u00e9, disco de empanadas, golosinas. Se realiz\u00f3 el acta de [&hellip;]<\/p>\n","protected":false},"author":4,"featured_media":31763,"comment_status":"closed","ping_status":"closed","sticky":false,"template":"","format":"standard","meta":{"_joinchat":[],"footnotes":""},"categories":[38],"tags":[],"class_list":["post-31762","post","type-post","status-publish","format-standard","has-post-thumbnail","hentry","category-elecciones"],"_links":{"self":[{"href":"https:\/\/www.elpolitologoyelpolitico.com.ar\/wordpress\/wp-json\/wp\/v2\/posts\/31762","targetHints":{"allow":["GET"]}}],"collection":[{"href":"https:\/\/www.elpolitologoyelpolitico.com.ar\/wordpress\/wp-json\/wp\/v2\/posts"}],"about":[{"href":"https:\/\/www.elpolitologoyelpolitico.com.ar\/wordpress\/wp-json\/wp\/v2\/types\/post"}],"author":[{"embeddable":true,"href":"https:\/\/www.elpolitologoyelpolitico.com.ar\/wordpress\/wp-json\/wp\/v2\/users\/4"}],"replies":[{"embeddable":true,"href":"https:\/\/www.elpolitologoyelpolitico.com.ar\/wordpress\/wp-json\/wp\/v2\/comments?post=31762"}],"version-history":[{"count":0,"href":"https:\/\/www.elpolitologoyelpolitico.com.ar\/wordpress\/wp-json\/wp\/v2\/posts\/31762\/revisions"}],"wp:featuredmedia":[{"embeddable":true,"href":"https:\/\/www.elpolitologoyelpolitico.com.ar\/wordpress\/wp-json\/wp\/v2\/media\/31763"}],"wp:attachment":[{"href":"https:\/\/www.elpolitologoyelpolitico.com.ar\/wordpress\/wp-json\/wp\/v2\/media?parent=31762"}],"wp:term":[{"taxonomy":"category","embeddable":true,"href":"https:\/\/www.elpolitologoyelpolitico.com.ar\/wordpress\/wp-json\/wp\/v2\/categories?post=31762"},{"taxonomy":"post_tag","embeddable":true,"href":"https:\/\/www.elpolitologoyelpolitico.com.ar\/wordpress\/wp-json\/wp\/v2\/tags?post=31762"}],"curies":[{"name":"wp","href":"https:\/\/api.w.org\/{rel}","templated":true}]}}