{"id":31734,"date":"2023-06-15T19:30:39","date_gmt":"2023-06-15T19:30:39","guid":{"rendered":"https:\/\/www.elpolitologoyelpolitico.com.ar\/wordpress\/?p=31734"},"modified":"2023-06-15T19:30:40","modified_gmt":"2023-06-15T19:30:40","slug":"arabela-carreras-sera-candidata-a-intendenta-en-bariloche-por-juntos-somos-rio-negro","status":"publish","type":"post","link":"https:\/\/www.elpolitologoyelpolitico.com.ar\/wordpress\/2023\/06\/15\/arabela-carreras-sera-candidata-a-intendenta-en-bariloche-por-juntos-somos-rio-negro\/","title":{"rendered":"Arabela Carreras ser\u00e1 candidata a Intendenta en Bariloche por Juntos Somos Rio Negro"},"content":{"rendered":"\n<p>Luego de cierta incertidumbre pol\u00edtica y electoral, se oficializo la candidatura de la Gobernadora Arabela Carreras como candidata a Intendenta en Bariloche.<\/p>\n\n\n\n<p>En los \u00faltimos meses, existia la posibilidad de que el Diputado Agust\u00edn Domingo, vaya como precandidato a Intendente. Apoyado por el Senador y Gobernador electo Alberto Weretilneck<\/p>\n\n\n\n<p>Pero, se descart\u00f3 esa posibilidad y Juntos Somos Rio Negro apoyar\u00e1 la candidatura de Arabela Carreras.<\/p>\n\n\n\n<p>Agust\u00edn Domingo, queria integrar la lista y encabezar el Concejo Deliberante. Aunque a \u00faltimo momento, se decidi\u00f3 por Juan Pablo Ferrari, quien es el secretario de Desarrollo Social de Bariloche.<\/p>\n\n\n\n<p>De esta manera, Juntos Somos R\u00edo Negro&nbsp;logr\u00f3 este mi\u00e9rcoles conformar una lista de unidad en San Carlos de Bariloche para las elecciones municipales del 3 de septiembre.<\/p>\n<div class=\"fb-background-color\">\n\t\t\t  <div \n\t\t\t  \tclass = \"fb-comments\" \n\t\t\t  \tdata-href = \"https:\/\/www.elpolitologoyelpolitico.com.ar\/wordpress\/2023\/06\/15\/arabela-carreras-sera-candidata-a-intendenta-en-bariloche-por-juntos-somos-rio-negro\/\"\n\t\t\t  \tdata-numposts = \"10\"\n\t\t\t  \tdata-lazy = \"true\"\n\t\t\t\tdata-colorscheme = \"light\"\n\t\t\t\tdata-order-by = \"social\"\n\t\t\t\tdata-mobile=true>\n\t\t\t  <\/div><\/div>\n\t\t  <style>\n\t\t    .fb-background-color {\n\t\t\t\tbackground: #ffffff !important;\n\t\t\t}\n\t\t\t.fb_iframe_widget_fluid_desktop iframe {\n\t\t\t    width: 100% !important;\n\t\t\t}\n\t\t  <\/style>\n\t\t  ","protected":false},"excerpt":{"rendered":"<p>Luego de cierta incertidumbre pol\u00edtica y electoral, se oficializo la candidatura de la Gobernadora Arabela Carreras como candidata a Intendenta en Bariloche. En los \u00faltimos meses, existia la posibilidad de que el Diputado Agust\u00edn Domingo, vaya como precandidato a Intendente. Apoyado por el Senador y Gobernador electo Alberto Weretilneck Pero, se descart\u00f3 esa posibilidad y [&hellip;]<\/p>\n","protected":false},"author":4,"featured_media":31735,"comment_status":"closed","ping_status":"closed","sticky":false,"template":"","format":"standard","meta":{"_joinchat":[],"footnotes":""},"categories":[38],"tags":[],"class_list":["post-31734","post","type-post","status-publish","format-standard","has-post-thumbnail","hentry","category-elecciones"],"_links":{"self":[{"href":"https:\/\/www.elpolitologoyelpolitico.com.ar\/wordpress\/wp-json\/wp\/v2\/posts\/31734","targetHints":{"allow":["GET"]}}],"collection":[{"href":"https:\/\/www.elpolitologoyelpolitico.com.ar\/wordpress\/wp-json\/wp\/v2\/posts"}],"about":[{"href":"https:\/\/www.elpolitologoyelpolitico.com.ar\/wordpress\/wp-json\/wp\/v2\/types\/post"}],"author":[{"embeddable":true,"href":"https:\/\/www.elpolitologoyelpolitico.com.ar\/wordpress\/wp-json\/wp\/v2\/users\/4"}],"replies":[{"embeddable":true,"href":"https:\/\/www.elpolitologoyelpolitico.com.ar\/wordpress\/wp-json\/wp\/v2\/comments?post=31734"}],"version-history":[{"count":0,"href":"https:\/\/www.elpolitologoyelpolitico.com.ar\/wordpress\/wp-json\/wp\/v2\/posts\/31734\/revisions"}],"wp:featuredmedia":[{"embeddable":true,"href":"https:\/\/www.elpolitologoyelpolitico.com.ar\/wordpress\/wp-json\/wp\/v2\/media\/31735"}],"wp:attachment":[{"href":"https:\/\/www.elpolitologoyelpolitico.com.ar\/wordpress\/wp-json\/wp\/v2\/media?parent=31734"}],"wp:term":[{"taxonomy":"category","embeddable":true,"href":"https:\/\/www.elpolitologoyelpolitico.com.ar\/wordpress\/wp-json\/wp\/v2\/categories?post=31734"},{"taxonomy":"post_tag","embeddable":true,"href":"https:\/\/www.elpolitologoyelpolitico.com.ar\/wordpress\/wp-json\/wp\/v2\/tags?post=31734"}],"curies":[{"name":"wp","href":"https:\/\/api.w.org\/{rel}","templated":true}]}}