{"id":31724,"date":"2023-06-15T18:55:35","date_gmt":"2023-06-15T18:55:35","guid":{"rendered":"https:\/\/www.elpolitologoyelpolitico.com.ar\/wordpress\/?p=31724"},"modified":"2023-06-15T18:55:36","modified_gmt":"2023-06-15T18:55:36","slug":"viedma-participo-del-encuentro-regional-de-destinos-emergentes-en-santa-rosa","status":"publish","type":"post","link":"https:\/\/www.elpolitologoyelpolitico.com.ar\/wordpress\/2023\/06\/15\/viedma-participo-del-encuentro-regional-de-destinos-emergentes-en-santa-rosa\/","title":{"rendered":"Viedma particip\u00f3 del Encuentro Regional de Destinos Emergentes en Santa Rosa"},"content":{"rendered":"\n<p>El Gobierno de Viedma y el ENVITUR participaron del Encuentro Regional de Destinos Emergentes, Destinos con Sentido, Desarrollo con Equidad e Inclusi\u00f3n, organizado por el&nbsp; Ministerio de Turismo y Deportes de la Naci\u00f3n en Santa Rosa, La Pampa.<\/p>\n\n\n\n<p>El encuentro estuvo dirigido a destinos de la regi\u00f3n Patag\u00f3nica para comunicar diferentes herramientas de desarrollo local que se promueven desde el organismo de naci\u00f3n.<\/p>\n\n\n\n<p>Fueron dos jornadas en las que se trabajaron las tem\u00e1ticas \u201cDestinos con sentido, desarrollo con equidad e inclusi\u00f3n\u201d y el segundo d\u00eda \u201cturismo en redes, ideas en accion\u201d.<\/p>\n\n\n\n<p>Durante los encuentros participaron ocho municipios de la provincia de R\u00edo Negro, junto a otros destinos de La Pampa, Neuqu\u00e9n, Chubut y Santa Cruz.<\/p>\n\n\n\n<p>En esta oportunidad el Subsecretario de Turismo y Presidente del Envitur Lic. Sergio Rodriguez junto a referentes de San Antonio Este y Sierra Grande, realizaron gestiones para optimizar la conectividad a\u00e9rea con el Director de Turismo de Aerol\u00edneas Argentinas, Ariel Ciani.<\/p>\n\n\n\n<p>Al respecto Sergio Rodriguez remarc\u00f3 que \u201ceste tipo de encuentros permiten el intercambio de experiencias, b\u00fasqueda de alternativas de desarrollo y sobre todo permiten gestionar con los responsables de los temas que m\u00e1s nos ocupan, como la conectividad, el financiamiento de programas y la promoci\u00f3n tur\u00edstica\u201d.<\/p>\n\n\n\n<figure class=\"wp-block-image size-full\"><img fetchpriority=\"high\" decoding=\"async\" width=\"720\" height=\"540\" src=\"https:\/\/www.elpolitologoyelpolitico.com.ar\/wp-content\/uploads\/2023\/06\/IMG-20230615-WA0012.jpg\" alt=\"\" class=\"wp-image-31726\" srcset=\"https:\/\/www.elpolitologoyelpolitico.com.ar\/wp-content\/uploads\/2023\/06\/IMG-20230615-WA0012.jpg 720w, https:\/\/www.elpolitologoyelpolitico.com.ar\/wp-content\/uploads\/2023\/06\/IMG-20230615-WA0012-300x225.jpg 300w\" sizes=\"(max-width: 720px) 100vw, 720px\" \/><\/figure>\n<div class=\"fb-background-color\">\n\t\t\t  <div \n\t\t\t  \tclass = \"fb-comments\" \n\t\t\t  \tdata-href = \"https:\/\/www.elpolitologoyelpolitico.com.ar\/wordpress\/2023\/06\/15\/viedma-participo-del-encuentro-regional-de-destinos-emergentes-en-santa-rosa\/\"\n\t\t\t  \tdata-numposts = \"10\"\n\t\t\t  \tdata-lazy = \"true\"\n\t\t\t\tdata-colorscheme = \"light\"\n\t\t\t\tdata-order-by = \"social\"\n\t\t\t\tdata-mobile=true>\n\t\t\t  <\/div><\/div>\n\t\t  <style>\n\t\t    .fb-background-color {\n\t\t\t\tbackground: #ffffff !important;\n\t\t\t}\n\t\t\t.fb_iframe_widget_fluid_desktop iframe {\n\t\t\t    width: 100% !important;\n\t\t\t}\n\t\t  <\/style>\n\t\t  ","protected":false},"excerpt":{"rendered":"<p>El Gobierno de Viedma y el ENVITUR participaron del Encuentro Regional de Destinos Emergentes, Destinos con Sentido, Desarrollo con Equidad e Inclusi\u00f3n, organizado por el&nbsp; Ministerio de Turismo y Deportes de la Naci\u00f3n en Santa Rosa, La Pampa. El encuentro estuvo dirigido a destinos de la regi\u00f3n Patag\u00f3nica para comunicar diferentes herramientas de desarrollo local [&hellip;]<\/p>\n","protected":false},"author":4,"featured_media":31725,"comment_status":"closed","ping_status":"closed","sticky":false,"template":"","format":"standard","meta":{"_joinchat":[],"footnotes":""},"categories":[4],"tags":[],"class_list":["post-31724","post","type-post","status-publish","format-standard","has-post-thumbnail","hentry","category-politicas-publicas"],"_links":{"self":[{"href":"https:\/\/www.elpolitologoyelpolitico.com.ar\/wordpress\/wp-json\/wp\/v2\/posts\/31724","targetHints":{"allow":["GET"]}}],"collection":[{"href":"https:\/\/www.elpolitologoyelpolitico.com.ar\/wordpress\/wp-json\/wp\/v2\/posts"}],"about":[{"href":"https:\/\/www.elpolitologoyelpolitico.com.ar\/wordpress\/wp-json\/wp\/v2\/types\/post"}],"author":[{"embeddable":true,"href":"https:\/\/www.elpolitologoyelpolitico.com.ar\/wordpress\/wp-json\/wp\/v2\/users\/4"}],"replies":[{"embeddable":true,"href":"https:\/\/www.elpolitologoyelpolitico.com.ar\/wordpress\/wp-json\/wp\/v2\/comments?post=31724"}],"version-history":[{"count":0,"href":"https:\/\/www.elpolitologoyelpolitico.com.ar\/wordpress\/wp-json\/wp\/v2\/posts\/31724\/revisions"}],"wp:featuredmedia":[{"embeddable":true,"href":"https:\/\/www.elpolitologoyelpolitico.com.ar\/wordpress\/wp-json\/wp\/v2\/media\/31725"}],"wp:attachment":[{"href":"https:\/\/www.elpolitologoyelpolitico.com.ar\/wordpress\/wp-json\/wp\/v2\/media?parent=31724"}],"wp:term":[{"taxonomy":"category","embeddable":true,"href":"https:\/\/www.elpolitologoyelpolitico.com.ar\/wordpress\/wp-json\/wp\/v2\/categories?post=31724"},{"taxonomy":"post_tag","embeddable":true,"href":"https:\/\/www.elpolitologoyelpolitico.com.ar\/wordpress\/wp-json\/wp\/v2\/tags?post=31724"}],"curies":[{"name":"wp","href":"https:\/\/api.w.org\/{rel}","templated":true}]}}