{"id":31708,"date":"2023-06-15T02:13:25","date_gmt":"2023-06-15T02:13:25","guid":{"rendered":"https:\/\/www.elpolitologoyelpolitico.com.ar\/wordpress\/?p=31708"},"modified":"2023-06-15T02:13:27","modified_gmt":"2023-06-15T02:13:27","slug":"comenzaron-las-capacitaciones-para-el-personal-del-dispositivo-de-pernocte","status":"publish","type":"post","link":"https:\/\/www.elpolitologoyelpolitico.com.ar\/wordpress\/2023\/06\/15\/comenzaron-las-capacitaciones-para-el-personal-del-dispositivo-de-pernocte\/","title":{"rendered":"Comenzaron las capacitaciones para el personal del dispositivo de pernocte"},"content":{"rendered":"\n<p>Hoy mi\u00e9rcoles comenzaron las capacitaciones para el personal t\u00e9cnico, administrativo y de apoyo que cumplir\u00e1 funciones en el Centro de Pernocte para personas en situaci\u00f3n de calle, de Viedma.<\/p>\n\n\n\n<p>El curso, denominado \u201cPrincipios y Fundamentos del abordaje para la asistencia de personas en situaci\u00f3n de calle. Una introducci\u00f3n a la pr\u00e1ctica\u201d, est\u00e1 organizado por el Ministerio de Desarrollo Humano y Articulaci\u00f3n Solidaria, a trav\u00e9s de la Secretar\u00eda de Acompa\u00f1amiento y Protecci\u00f3n Social, en articulaci\u00f3n con el Municipio y avalado por el IPAP.&nbsp;<\/p>\n\n\n\n<p>Se realizar\u00e1 en forma presencial del 14 al 23 de junio en las instalaciones del Centro de Pernocte para personas en situaci\u00f3n de calle, situado entre las calles Monse\u00f1or Esandi y Ricardo Balb\u00edn, de Viedma.&nbsp;<\/p>\n\n\n\n<p>El objetivo general del mismo es generar un espacio de capacitaci\u00f3n cr\u00edtica y pr\u00e1ctica sobre la tem\u00e1tica de Personas en Situaci\u00f3n de Calle para el desarrollo de aptitudes y habilidades t\u00e9cnicas de los equipos de trabajo que se desempe\u00f1an en los dispositivos provinciales.<\/p>\n\n\n\n<p>Consta de cinco m\u00f3dulos te\u00f3ricos-pr\u00e1cticos que ser\u00e1n dictados por profesionales de diferentes organismos provinciales, y se capacitar\u00e1 en temas como salud mental, prevenci\u00f3n y abusos de sustancias y adicciones, primeros auxilios, derechos de las personas en situaci\u00f3n de calle, entre otras tem\u00e1ticas.<\/p>\n\n\n\n<p>La ministra de Desarrollo Humano y Articulaci\u00f3n Solidaria, Luciana de la Fuente, presenci\u00f3 la apertura y se\u00f1al\u00f3: \u201cEs muy importante que tengamos un dialogo abierto y plural con las distintitas instituciones y organismos, ya que no solo nos van a acompa\u00f1ar en la capacitaci\u00f3n sino que tambi\u00e9n van a ser parte del proceso. Los problemas que tienen que enfrentar las personas en situaci\u00f3n de calle son muchos, no es solo la falta de vivienda. Necesitan acompa\u00f1amiento para que ellos puedan estructurar una vida personal. Es por esto que es de suma importancia trabajar transversalmente para brindarles a las personas que asistan a este Centro, las herramientas para que puedan caminar solos.\u201d<\/p>\n\n\n\n<p>Por su parte, la secretaria de Acompa\u00f1amiento y Protecci\u00f3n Social, M\u00f3nica Larra\u00f1aga, expres\u00f3 que \u201cesta capacitaci\u00f3n es parte del dise\u00f1o de pol\u00edticas activas que se llevan adelante desde el Ministerio de Desarrollo Humano y Articulaci\u00f3n Solidaria, en un trabajo conjunto con los Ministerios de Salud, APASA y Bomberos Voluntarios de la provincia y la Municipalidad de Viedma, para garantizar la atenci\u00f3n de las personas en situaci\u00f3n de calle como sujeto de derecho, en cumplimiento del compromiso del Estado rionegrino de cumplir con lo pautado en la Ley N.\u00b0 27.654\u201d.<\/p>\n<div class=\"fb-background-color\">\n\t\t\t  <div \n\t\t\t  \tclass = \"fb-comments\" \n\t\t\t  \tdata-href = \"https:\/\/www.elpolitologoyelpolitico.com.ar\/wordpress\/2023\/06\/15\/comenzaron-las-capacitaciones-para-el-personal-del-dispositivo-de-pernocte\/\"\n\t\t\t  \tdata-numposts = \"10\"\n\t\t\t  \tdata-lazy = \"true\"\n\t\t\t\tdata-colorscheme = \"light\"\n\t\t\t\tdata-order-by = \"social\"\n\t\t\t\tdata-mobile=true>\n\t\t\t  <\/div><\/div>\n\t\t  <style>\n\t\t    .fb-background-color {\n\t\t\t\tbackground: #ffffff !important;\n\t\t\t}\n\t\t\t.fb_iframe_widget_fluid_desktop iframe {\n\t\t\t    width: 100% !important;\n\t\t\t}\n\t\t  <\/style>\n\t\t  ","protected":false},"excerpt":{"rendered":"<p>Hoy mi\u00e9rcoles comenzaron las capacitaciones para el personal t\u00e9cnico, administrativo y de apoyo que cumplir\u00e1 funciones en el Centro de Pernocte para personas en situaci\u00f3n de calle, de Viedma. El curso, denominado \u201cPrincipios y Fundamentos del abordaje para la asistencia de personas en situaci\u00f3n de calle. Una introducci\u00f3n a la pr\u00e1ctica\u201d, est\u00e1 organizado por el [&hellip;]<\/p>\n","protected":false},"author":4,"featured_media":31709,"comment_status":"closed","ping_status":"closed","sticky":false,"template":"","format":"standard","meta":{"_joinchat":[],"footnotes":""},"categories":[4],"tags":[],"class_list":["post-31708","post","type-post","status-publish","format-standard","has-post-thumbnail","hentry","category-politicas-publicas"],"_links":{"self":[{"href":"https:\/\/www.elpolitologoyelpolitico.com.ar\/wordpress\/wp-json\/wp\/v2\/posts\/31708","targetHints":{"allow":["GET"]}}],"collection":[{"href":"https:\/\/www.elpolitologoyelpolitico.com.ar\/wordpress\/wp-json\/wp\/v2\/posts"}],"about":[{"href":"https:\/\/www.elpolitologoyelpolitico.com.ar\/wordpress\/wp-json\/wp\/v2\/types\/post"}],"author":[{"embeddable":true,"href":"https:\/\/www.elpolitologoyelpolitico.com.ar\/wordpress\/wp-json\/wp\/v2\/users\/4"}],"replies":[{"embeddable":true,"href":"https:\/\/www.elpolitologoyelpolitico.com.ar\/wordpress\/wp-json\/wp\/v2\/comments?post=31708"}],"version-history":[{"count":0,"href":"https:\/\/www.elpolitologoyelpolitico.com.ar\/wordpress\/wp-json\/wp\/v2\/posts\/31708\/revisions"}],"wp:featuredmedia":[{"embeddable":true,"href":"https:\/\/www.elpolitologoyelpolitico.com.ar\/wordpress\/wp-json\/wp\/v2\/media\/31709"}],"wp:attachment":[{"href":"https:\/\/www.elpolitologoyelpolitico.com.ar\/wordpress\/wp-json\/wp\/v2\/media?parent=31708"}],"wp:term":[{"taxonomy":"category","embeddable":true,"href":"https:\/\/www.elpolitologoyelpolitico.com.ar\/wordpress\/wp-json\/wp\/v2\/categories?post=31708"},{"taxonomy":"post_tag","embeddable":true,"href":"https:\/\/www.elpolitologoyelpolitico.com.ar\/wordpress\/wp-json\/wp\/v2\/tags?post=31708"}],"curies":[{"name":"wp","href":"https:\/\/api.w.org\/{rel}","templated":true}]}}