{"id":31699,"date":"2023-06-15T01:27:33","date_gmt":"2023-06-15T01:27:33","guid":{"rendered":"https:\/\/www.elpolitologoyelpolitico.com.ar\/wordpress\/?p=31699"},"modified":"2023-06-15T01:27:35","modified_gmt":"2023-06-15T01:27:35","slug":"tareas-de-mantenimiento-y-repaso-en-las-calles-de-carmen-de-patagones","status":"publish","type":"post","link":"https:\/\/www.elpolitologoyelpolitico.com.ar\/wordpress\/2023\/06\/15\/tareas-de-mantenimiento-y-repaso-en-las-calles-de-carmen-de-patagones\/","title":{"rendered":"Tareas de mantenimiento y repaso en las calles de Carmen de Patagones"},"content":{"rendered":"\n<p>La Subsecretar\u00eda de Servicios trabaja en el mantenimiento y repaso de las calles de la ciudad.<\/p>\n\n\n\n<p>Ya se ejecutaron en las calles Santa F\u00e9, Per\u00fa, Chile y Alem.<\/p>\n\n\n\n<p>Los trabajos tiene n como objetivo garantizar la transitabilidad para los vecinos de cada sector.<\/p>\n\n\n\n<figure class=\"wp-block-image size-large\"><img fetchpriority=\"high\" decoding=\"async\" width=\"768\" height=\"1024\" src=\"https:\/\/www.elpolitologoyelpolitico.com.ar\/wp-content\/uploads\/2023\/06\/IMG-20230614-WA0025-768x1024.jpg\" alt=\"\" class=\"wp-image-31701\" srcset=\"https:\/\/www.elpolitologoyelpolitico.com.ar\/wp-content\/uploads\/2023\/06\/IMG-20230614-WA0025-768x1024.jpg 768w, https:\/\/www.elpolitologoyelpolitico.com.ar\/wp-content\/uploads\/2023\/06\/IMG-20230614-WA0025-225x300.jpg 225w, https:\/\/www.elpolitologoyelpolitico.com.ar\/wp-content\/uploads\/2023\/06\/IMG-20230614-WA0025-1152x1536.jpg 1152w, https:\/\/www.elpolitologoyelpolitico.com.ar\/wp-content\/uploads\/2023\/06\/IMG-20230614-WA0025.jpg 1200w\" sizes=\"(max-width: 768px) 100vw, 768px\" \/><\/figure>\n<div class=\"fb-background-color\">\n\t\t\t  <div \n\t\t\t  \tclass = \"fb-comments\" \n\t\t\t  \tdata-href = \"https:\/\/www.elpolitologoyelpolitico.com.ar\/wordpress\/2023\/06\/15\/tareas-de-mantenimiento-y-repaso-en-las-calles-de-carmen-de-patagones\/\"\n\t\t\t  \tdata-numposts = \"10\"\n\t\t\t  \tdata-lazy = \"true\"\n\t\t\t\tdata-colorscheme = \"light\"\n\t\t\t\tdata-order-by = \"social\"\n\t\t\t\tdata-mobile=true>\n\t\t\t  <\/div><\/div>\n\t\t  <style>\n\t\t    .fb-background-color {\n\t\t\t\tbackground: #ffffff !important;\n\t\t\t}\n\t\t\t.fb_iframe_widget_fluid_desktop iframe {\n\t\t\t    width: 100% !important;\n\t\t\t}\n\t\t  <\/style>\n\t\t  ","protected":false},"excerpt":{"rendered":"<p>La Subsecretar\u00eda de Servicios trabaja en el mantenimiento y repaso de las calles de la ciudad. Ya se ejecutaron en las calles Santa F\u00e9, Per\u00fa, Chile y Alem. Los trabajos tiene n como objetivo garantizar la transitabilidad para los vecinos de cada sector.<\/p>\n","protected":false},"author":4,"featured_media":31700,"comment_status":"closed","ping_status":"closed","sticky":false,"template":"","format":"standard","meta":{"_joinchat":[],"footnotes":""},"categories":[4],"tags":[],"class_list":["post-31699","post","type-post","status-publish","format-standard","has-post-thumbnail","hentry","category-politicas-publicas"],"_links":{"self":[{"href":"https:\/\/www.elpolitologoyelpolitico.com.ar\/wordpress\/wp-json\/wp\/v2\/posts\/31699","targetHints":{"allow":["GET"]}}],"collection":[{"href":"https:\/\/www.elpolitologoyelpolitico.com.ar\/wordpress\/wp-json\/wp\/v2\/posts"}],"about":[{"href":"https:\/\/www.elpolitologoyelpolitico.com.ar\/wordpress\/wp-json\/wp\/v2\/types\/post"}],"author":[{"embeddable":true,"href":"https:\/\/www.elpolitologoyelpolitico.com.ar\/wordpress\/wp-json\/wp\/v2\/users\/4"}],"replies":[{"embeddable":true,"href":"https:\/\/www.elpolitologoyelpolitico.com.ar\/wordpress\/wp-json\/wp\/v2\/comments?post=31699"}],"version-history":[{"count":0,"href":"https:\/\/www.elpolitologoyelpolitico.com.ar\/wordpress\/wp-json\/wp\/v2\/posts\/31699\/revisions"}],"wp:featuredmedia":[{"embeddable":true,"href":"https:\/\/www.elpolitologoyelpolitico.com.ar\/wordpress\/wp-json\/wp\/v2\/media\/31700"}],"wp:attachment":[{"href":"https:\/\/www.elpolitologoyelpolitico.com.ar\/wordpress\/wp-json\/wp\/v2\/media?parent=31699"}],"wp:term":[{"taxonomy":"category","embeddable":true,"href":"https:\/\/www.elpolitologoyelpolitico.com.ar\/wordpress\/wp-json\/wp\/v2\/categories?post=31699"},{"taxonomy":"post_tag","embeddable":true,"href":"https:\/\/www.elpolitologoyelpolitico.com.ar\/wordpress\/wp-json\/wp\/v2\/tags?post=31699"}],"curies":[{"name":"wp","href":"https:\/\/api.w.org\/{rel}","templated":true}]}}