{"id":31543,"date":"2023-06-09T17:46:00","date_gmt":"2023-06-09T17:46:00","guid":{"rendered":"https:\/\/www.elpolitologoyelpolitico.com.ar\/wordpress\/?p=31543"},"modified":"2023-06-09T17:46:01","modified_gmt":"2023-06-09T17:46:01","slug":"encuentro-de-seleccion-y-adjudicacion-del-procrear-lotes-con-servicio-pnasu","status":"publish","type":"post","link":"https:\/\/www.elpolitologoyelpolitico.com.ar\/wordpress\/2023\/06\/09\/encuentro-de-seleccion-y-adjudicacion-del-procrear-lotes-con-servicio-pnasu\/","title":{"rendered":"Encuentro de selecci\u00f3n y adjudicaci\u00f3n del PROCREAR lotes con servicio PNaSU"},"content":{"rendered":"\n<p>El \u00c1rea Municipal de H\u00e1bitat informa que hoy viernes, 09 de junio a las 18 horas, se realizar\u00e1 el encuentro de selecci\u00f3n y adjudicaci\u00f3n de lotes con los beneficiarios del Programa PROCREAR, lotes con servicio generados por PNaSU.<\/p>\n\n\n\n<p>La jornada ser\u00e1 en el Centro Integral Comunitario -CIC- ubicado en la calle Sor Vallese y Domingo de Oro, del barrio Villa Lynch.<\/p>\n\n\n\n<p>Est\u00e1 destinada a quienes decidieron mantenerse en la operatoria por la compra de lotes.<\/p>\n\n\n\n<p>De acuerdo a lo establecido en la normativa Municipal, los vecinos elegir\u00e1n sus lotes por turno y recibir\u00e1n una constancia de adjudicaci\u00f3n con la nomenclatura catastral correspondiente.<\/p>\n\n\n\n<p>A partir del 15 de junio, en las oficinas del \u00c1rea Municipal de H\u00e1bitat, ubicada en la calle Bertorello y Roque S\u00e1enz Pe\u00f1a, se podr\u00e1n retirar los cupones de pago para cumplir con las obligaciones acordadas y luego firmar el instrumento de dominio que corresponda a la opci\u00f3n ejercida.<\/p>\n<div class=\"fb-background-color\">\n\t\t\t  <div \n\t\t\t  \tclass = \"fb-comments\" \n\t\t\t  \tdata-href = \"https:\/\/www.elpolitologoyelpolitico.com.ar\/wordpress\/2023\/06\/09\/encuentro-de-seleccion-y-adjudicacion-del-procrear-lotes-con-servicio-pnasu\/\"\n\t\t\t  \tdata-numposts = \"10\"\n\t\t\t  \tdata-lazy = \"true\"\n\t\t\t\tdata-colorscheme = \"light\"\n\t\t\t\tdata-order-by = \"social\"\n\t\t\t\tdata-mobile=true>\n\t\t\t  <\/div><\/div>\n\t\t  <style>\n\t\t    .fb-background-color {\n\t\t\t\tbackground: #ffffff !important;\n\t\t\t}\n\t\t\t.fb_iframe_widget_fluid_desktop iframe {\n\t\t\t    width: 100% !important;\n\t\t\t}\n\t\t  <\/style>\n\t\t  ","protected":false},"excerpt":{"rendered":"<p>El \u00c1rea Municipal de H\u00e1bitat informa que hoy viernes, 09 de junio a las 18 horas, se realizar\u00e1 el encuentro de selecci\u00f3n y adjudicaci\u00f3n de lotes con los beneficiarios del Programa PROCREAR, lotes con servicio generados por PNaSU. La jornada ser\u00e1 en el Centro Integral Comunitario -CIC- ubicado en la calle Sor Vallese y Domingo [&hellip;]<\/p>\n","protected":false},"author":4,"featured_media":31544,"comment_status":"closed","ping_status":"closed","sticky":false,"template":"","format":"standard","meta":{"_joinchat":[],"footnotes":""},"categories":[1],"tags":[],"class_list":["post-31543","post","type-post","status-publish","format-standard","has-post-thumbnail","hentry","category-universitario"],"_links":{"self":[{"href":"https:\/\/www.elpolitologoyelpolitico.com.ar\/wordpress\/wp-json\/wp\/v2\/posts\/31543","targetHints":{"allow":["GET"]}}],"collection":[{"href":"https:\/\/www.elpolitologoyelpolitico.com.ar\/wordpress\/wp-json\/wp\/v2\/posts"}],"about":[{"href":"https:\/\/www.elpolitologoyelpolitico.com.ar\/wordpress\/wp-json\/wp\/v2\/types\/post"}],"author":[{"embeddable":true,"href":"https:\/\/www.elpolitologoyelpolitico.com.ar\/wordpress\/wp-json\/wp\/v2\/users\/4"}],"replies":[{"embeddable":true,"href":"https:\/\/www.elpolitologoyelpolitico.com.ar\/wordpress\/wp-json\/wp\/v2\/comments?post=31543"}],"version-history":[{"count":0,"href":"https:\/\/www.elpolitologoyelpolitico.com.ar\/wordpress\/wp-json\/wp\/v2\/posts\/31543\/revisions"}],"wp:featuredmedia":[{"embeddable":true,"href":"https:\/\/www.elpolitologoyelpolitico.com.ar\/wordpress\/wp-json\/wp\/v2\/media\/31544"}],"wp:attachment":[{"href":"https:\/\/www.elpolitologoyelpolitico.com.ar\/wordpress\/wp-json\/wp\/v2\/media?parent=31543"}],"wp:term":[{"taxonomy":"category","embeddable":true,"href":"https:\/\/www.elpolitologoyelpolitico.com.ar\/wordpress\/wp-json\/wp\/v2\/categories?post=31543"},{"taxonomy":"post_tag","embeddable":true,"href":"https:\/\/www.elpolitologoyelpolitico.com.ar\/wordpress\/wp-json\/wp\/v2\/tags?post=31543"}],"curies":[{"name":"wp","href":"https:\/\/api.w.org\/{rel}","templated":true}]}}