{"id":31429,"date":"2023-06-05T01:35:43","date_gmt":"2023-06-05T01:35:43","guid":{"rendered":"https:\/\/www.elpolitologoyelpolitico.com.ar\/wordpress\/?p=31429"},"modified":"2023-06-05T01:35:45","modified_gmt":"2023-06-05T01:35:45","slug":"infraestructura-escolar-analisis-con-equipos-supervisivos-de-viedma","status":"publish","type":"post","link":"https:\/\/www.elpolitologoyelpolitico.com.ar\/wordpress\/2023\/06\/05\/infraestructura-escolar-analisis-con-equipos-supervisivos-de-viedma\/","title":{"rendered":"Infraestructura escolar: an\u00e1lisis con equipos supervisivos de Viedma"},"content":{"rendered":"\n<p>Autoridades del Ministerio de Educaci\u00f3n y Derechos Humanos recibieron a equipos supervisivos de Viedma, dando continuidad a las distintas reuniones organizadas con el objetivo de brindar informaci\u00f3n sobre las distintas tareas mantenimiento, refacciones y ampliaciones que se realizan en cada localidad.<\/p>\n\n\n\n<p>Participaron del encuentro el secretario de Educaci\u00f3n, Duilio Minieri; su par de Infraestructura Escolar, Adri\u00e1n Carrizo; la coordinadora del Consejo Escolar zona Valle Inferior, Bibiana Wilberger; el secretario pedag\u00f3gico en representaci\u00f3n de la supervisi\u00f3n zona I, Fernando Gonz\u00e1lez; y el supervisor de la zona II Valle Inferior, Alberto Ruiz.<\/p>\n\n\n\n<p>En este sentido, el secretario de Infraestructura Escolar, Adri\u00e1n Carrizo, explic\u00f3 que durante el encuentro \u201cla cartera educativa brindo un espacio de intercambio de informaci\u00f3n y de coordinaci\u00f3n de tareas de mantenimiento que requieren las escuelas comprendidas en la \u00f3rbita del Consejo Escolar de Viedma\u201d.<\/p>\n\n\n\n<p>Asimismo, las y los funcionarios explicaron y dialogaron sobre el alcance y aplicaci\u00f3n de las normativas vigentes en funci\u00f3n de diagramar los trabajos que requieran las instituciones de manera de garantizar la continuidad del proceso pedag\u00f3gico.<\/p>\n\n\n\n<p>Las intervenciones de la cartera educativa en materia de mantenimiento, refacciones y ampliaciones tienen como base el pleno cumplimiento de los acuerdos paritarios homologados, establecidos en las Resoluciones 146\/94 y 3310\/18. Ambos documentos permiten la organizaci\u00f3n y garant\u00edas de la infraestructura escolar para el normal dictado de clases, adem\u00e1s de proporcionar un marco normativo a equipos directivos y supervisivos para la planificaci\u00f3n cotidiana de las pr\u00e1cticas educativas.<\/p>\n\n\n\n<p>A partir de esta semana el Consejo Escolar cuenta con fondo rotatorio de $2.000.000, un nuevo mecanismo de financiamiento para atender urgencias y trabajos que necesiten las escuelas, lo que nos brindar\u00e1 una herramienta que se complementa al servicio de mantenimiento para llegar a m\u00e1s escuelas.<\/p>\n\n\n\n<p>Acompa\u00f1aron el encuentro tambi\u00e9n las directoras de nivel de Educaci\u00f3n Secundaria y de J\u00f3venes y Adultos, Silvia Arza y Marcela Strhal, respectivamente; y el director de Educaci\u00f3n T\u00e9cnica y Formaci\u00f3n Profesional, Alejo Eterovich.<\/p>\n<div class=\"fb-background-color\">\n\t\t\t  <div \n\t\t\t  \tclass = \"fb-comments\" \n\t\t\t  \tdata-href = \"https:\/\/www.elpolitologoyelpolitico.com.ar\/wordpress\/2023\/06\/05\/infraestructura-escolar-analisis-con-equipos-supervisivos-de-viedma\/\"\n\t\t\t  \tdata-numposts = \"10\"\n\t\t\t  \tdata-lazy = \"true\"\n\t\t\t\tdata-colorscheme = \"light\"\n\t\t\t\tdata-order-by = \"social\"\n\t\t\t\tdata-mobile=true>\n\t\t\t  <\/div><\/div>\n\t\t  <style>\n\t\t    .fb-background-color {\n\t\t\t\tbackground: #ffffff !important;\n\t\t\t}\n\t\t\t.fb_iframe_widget_fluid_desktop iframe {\n\t\t\t    width: 100% !important;\n\t\t\t}\n\t\t  <\/style>\n\t\t  ","protected":false},"excerpt":{"rendered":"<p>Autoridades del Ministerio de Educaci\u00f3n y Derechos Humanos recibieron a equipos supervisivos de Viedma, dando continuidad a las distintas reuniones organizadas con el objetivo de brindar informaci\u00f3n sobre las distintas tareas mantenimiento, refacciones y ampliaciones que se realizan en cada localidad. Participaron del encuentro el secretario de Educaci\u00f3n, Duilio Minieri; su par de Infraestructura Escolar, [&hellip;]<\/p>\n","protected":false},"author":4,"featured_media":31430,"comment_status":"closed","ping_status":"closed","sticky":false,"template":"","format":"standard","meta":{"_joinchat":[],"footnotes":""},"categories":[4],"tags":[],"class_list":["post-31429","post","type-post","status-publish","format-standard","has-post-thumbnail","hentry","category-politicas-publicas"],"_links":{"self":[{"href":"https:\/\/www.elpolitologoyelpolitico.com.ar\/wordpress\/wp-json\/wp\/v2\/posts\/31429","targetHints":{"allow":["GET"]}}],"collection":[{"href":"https:\/\/www.elpolitologoyelpolitico.com.ar\/wordpress\/wp-json\/wp\/v2\/posts"}],"about":[{"href":"https:\/\/www.elpolitologoyelpolitico.com.ar\/wordpress\/wp-json\/wp\/v2\/types\/post"}],"author":[{"embeddable":true,"href":"https:\/\/www.elpolitologoyelpolitico.com.ar\/wordpress\/wp-json\/wp\/v2\/users\/4"}],"replies":[{"embeddable":true,"href":"https:\/\/www.elpolitologoyelpolitico.com.ar\/wordpress\/wp-json\/wp\/v2\/comments?post=31429"}],"version-history":[{"count":0,"href":"https:\/\/www.elpolitologoyelpolitico.com.ar\/wordpress\/wp-json\/wp\/v2\/posts\/31429\/revisions"}],"wp:featuredmedia":[{"embeddable":true,"href":"https:\/\/www.elpolitologoyelpolitico.com.ar\/wordpress\/wp-json\/wp\/v2\/media\/31430"}],"wp:attachment":[{"href":"https:\/\/www.elpolitologoyelpolitico.com.ar\/wordpress\/wp-json\/wp\/v2\/media?parent=31429"}],"wp:term":[{"taxonomy":"category","embeddable":true,"href":"https:\/\/www.elpolitologoyelpolitico.com.ar\/wordpress\/wp-json\/wp\/v2\/categories?post=31429"},{"taxonomy":"post_tag","embeddable":true,"href":"https:\/\/www.elpolitologoyelpolitico.com.ar\/wordpress\/wp-json\/wp\/v2\/tags?post=31429"}],"curies":[{"name":"wp","href":"https:\/\/api.w.org\/{rel}","templated":true}]}}