{"id":31411,"date":"2023-06-04T01:25:43","date_gmt":"2023-06-04T01:25:43","guid":{"rendered":"https:\/\/www.elpolitologoyelpolitico.com.ar\/wordpress\/?p=31411"},"modified":"2023-06-04T01:25:45","modified_gmt":"2023-06-04T01:25:45","slug":"derechos-humanos-y-apasa-inauguraron-muestra-vivencial-e-interactiva","status":"publish","type":"post","link":"https:\/\/www.elpolitologoyelpolitico.com.ar\/wordpress\/2023\/06\/04\/derechos-humanos-y-apasa-inauguraron-muestra-vivencial-e-interactiva\/","title":{"rendered":"Derechos Humanos y APASA inauguraron muestra vivencial e interactiva"},"content":{"rendered":"\n<p>La Secretar\u00eda de Derechos Humanos, junto a la Agencia Provincial para la Prevenci\u00f3n y Asistencia ante el Abuso de Sustancias y de las Adicciones (APASA) dejaron inaugurada hoy la Muestra vivencial e interactiva \u201cLas violencias, los consumos y la vulneraci\u00f3n de derechos desde perspectiva de g\u00e9neros\u201d.<\/p>\n\n\n\n<p>La actividad qued\u00f3 inaugurada con un acto encabezado por el secretario de Educaci\u00f3n, Duilio Minieri, su par de Derechos Humanos, Evangelina Saizar; la directora de APASA, Mabel Dell\u00b4Orfano; y la secretaria t\u00e9cnica, Lorena Fauniet Montovio.<\/p>\n\n\n\n<p>La propuesta, que estar\u00e1 en la Casona de Derechos Humanos -Francisco de Viedma y Boulevard Ituzaing\u00f3-, est\u00e1 destinada a p\u00fablico en general y se podr\u00e1 visitar los d\u00edas martes 6 y jueves 8 de junio en Viedma.<\/p>\n\n\n\n<p>Se trata de \u201cun trabajo conjunto que llev\u00f3 toda una articulaci\u00f3n desde el momento del armado de la muestra hasta el d\u00eda de hoy. Es un trabajo en conjunto que llevaremos de manera itinerante a toda la provincia junto con APASA. La muestra va a tratar sobre los distintos temas, la conceptualizaci\u00f3n de la violencia de g\u00e9nero y atravesada por los consumos problem\u00e1ticos de sustancias\u201d, explic\u00f3 la titular de Derechos Humanos.<\/p>\n\n\n\n<p>La muestra estar\u00e1 hasta la semana que viene en Viedma y despu\u00e9s va a recorrer Alto Valle, Valle Medio y la Regi\u00f3n Sur. En el mes de noviembre, estar\u00e1 en Zona Andina.<br>Acompa\u00f1aron el acto el secretario de Justicia, Mariano Sachetti; la subsecretaria de Pol\u00edticas de Igualdad de \u00e1rea de G\u00e9neros y Diversidad, Berenice Anaya; el vocal gubernamental, Alejandro Bustos; el secretario general del CPE, Leonardo L\u00f3pez; la directora de Educaci\u00f3n Secundaria, Silvia Arza; y de T\u00e9cnica y Formaci\u00f3n Profesional, Alejo Eterovich; y el subsecretario de Derechos Humanos de la Municipalidad de Viedma, Hern\u00e1n Bocci.<\/p>\n\n\n\n<figure class=\"wp-block-image size-large\"><img fetchpriority=\"high\" decoding=\"async\" width=\"1024\" height=\"683\" src=\"https:\/\/www.elpolitologoyelpolitico.com.ar\/wp-content\/uploads\/2023\/06\/IMG-20230603-WA0028-1-1024x683.jpg\" alt=\"\" class=\"wp-image-31413\" srcset=\"https:\/\/www.elpolitologoyelpolitico.com.ar\/wp-content\/uploads\/2023\/06\/IMG-20230603-WA0028-1-1024x683.jpg 1024w, https:\/\/www.elpolitologoyelpolitico.com.ar\/wp-content\/uploads\/2023\/06\/IMG-20230603-WA0028-1-300x200.jpg 300w, https:\/\/www.elpolitologoyelpolitico.com.ar\/wp-content\/uploads\/2023\/06\/IMG-20230603-WA0028-1-768x512.jpg 768w, https:\/\/www.elpolitologoyelpolitico.com.ar\/wp-content\/uploads\/2023\/06\/IMG-20230603-WA0028-1.jpg 1500w\" sizes=\"(max-width: 1024px) 100vw, 1024px\" \/><\/figure>\n<div class=\"fb-background-color\">\n\t\t\t  <div \n\t\t\t  \tclass = \"fb-comments\" \n\t\t\t  \tdata-href = \"https:\/\/www.elpolitologoyelpolitico.com.ar\/wordpress\/2023\/06\/04\/derechos-humanos-y-apasa-inauguraron-muestra-vivencial-e-interactiva\/\"\n\t\t\t  \tdata-numposts = \"10\"\n\t\t\t  \tdata-lazy = \"true\"\n\t\t\t\tdata-colorscheme = \"light\"\n\t\t\t\tdata-order-by = \"social\"\n\t\t\t\tdata-mobile=true>\n\t\t\t  <\/div><\/div>\n\t\t  <style>\n\t\t    .fb-background-color {\n\t\t\t\tbackground: #ffffff !important;\n\t\t\t}\n\t\t\t.fb_iframe_widget_fluid_desktop iframe {\n\t\t\t    width: 100% !important;\n\t\t\t}\n\t\t  <\/style>\n\t\t  ","protected":false},"excerpt":{"rendered":"<p>La Secretar\u00eda de Derechos Humanos, junto a la Agencia Provincial para la Prevenci\u00f3n y Asistencia ante el Abuso de Sustancias y de las Adicciones (APASA) dejaron inaugurada hoy la Muestra vivencial e interactiva \u201cLas violencias, los consumos y la vulneraci\u00f3n de derechos desde perspectiva de g\u00e9neros\u201d. La actividad qued\u00f3 inaugurada con un acto encabezado por [&hellip;]<\/p>\n","protected":false},"author":4,"featured_media":31412,"comment_status":"closed","ping_status":"closed","sticky":false,"template":"","format":"standard","meta":{"_joinchat":[],"footnotes":""},"categories":[4],"tags":[],"class_list":["post-31411","post","type-post","status-publish","format-standard","has-post-thumbnail","hentry","category-politicas-publicas"],"_links":{"self":[{"href":"https:\/\/www.elpolitologoyelpolitico.com.ar\/wordpress\/wp-json\/wp\/v2\/posts\/31411","targetHints":{"allow":["GET"]}}],"collection":[{"href":"https:\/\/www.elpolitologoyelpolitico.com.ar\/wordpress\/wp-json\/wp\/v2\/posts"}],"about":[{"href":"https:\/\/www.elpolitologoyelpolitico.com.ar\/wordpress\/wp-json\/wp\/v2\/types\/post"}],"author":[{"embeddable":true,"href":"https:\/\/www.elpolitologoyelpolitico.com.ar\/wordpress\/wp-json\/wp\/v2\/users\/4"}],"replies":[{"embeddable":true,"href":"https:\/\/www.elpolitologoyelpolitico.com.ar\/wordpress\/wp-json\/wp\/v2\/comments?post=31411"}],"version-history":[{"count":0,"href":"https:\/\/www.elpolitologoyelpolitico.com.ar\/wordpress\/wp-json\/wp\/v2\/posts\/31411\/revisions"}],"wp:featuredmedia":[{"embeddable":true,"href":"https:\/\/www.elpolitologoyelpolitico.com.ar\/wordpress\/wp-json\/wp\/v2\/media\/31412"}],"wp:attachment":[{"href":"https:\/\/www.elpolitologoyelpolitico.com.ar\/wordpress\/wp-json\/wp\/v2\/media?parent=31411"}],"wp:term":[{"taxonomy":"category","embeddable":true,"href":"https:\/\/www.elpolitologoyelpolitico.com.ar\/wordpress\/wp-json\/wp\/v2\/categories?post=31411"},{"taxonomy":"post_tag","embeddable":true,"href":"https:\/\/www.elpolitologoyelpolitico.com.ar\/wordpress\/wp-json\/wp\/v2\/tags?post=31411"}],"curies":[{"name":"wp","href":"https:\/\/api.w.org\/{rel}","templated":true}]}}