{"id":31371,"date":"2023-06-02T17:17:04","date_gmt":"2023-06-02T17:17:04","guid":{"rendered":"https:\/\/www.elpolitologoyelpolitico.com.ar\/wordpress\/?p=31371"},"modified":"2023-06-02T17:17:05","modified_gmt":"2023-06-02T17:17:05","slug":"avanzan-gestiones-en-el-gobierno-nacional-para-la-infraestructura-de-loteos-en-viedma","status":"publish","type":"post","link":"https:\/\/www.elpolitologoyelpolitico.com.ar\/wordpress\/2023\/06\/02\/avanzan-gestiones-en-el-gobierno-nacional-para-la-infraestructura-de-loteos-en-viedma\/","title":{"rendered":"Avanzan gestiones en el gobierno Nacional para la infraestructura de loteos en Viedma"},"content":{"rendered":"\n<p>El intendente Pesatti junto al jefe de Gabinete municipal, Marcos Castro, se reuni\u00f3 con la comisi\u00f3n directiva de la Confederaci\u00f3n General del Trabajo (CGT) Zona Atl\u00e1ntica para avanzar en gestiones y convenios que permitan llevan adelante la infraestructura b\u00e1sica en los lotes del Distrito Vecinal Sur.<\/p>\n\n\n\n<p>\u201cDesde hace semanas venimos trabajando y gestionando proyectos ante el gobierno nacional para dotar de servicios los lotes que pertenecen a m\u00e1s de 700 familias trabajadoras de nuestra comunidad\u201d expres\u00f3 Pesatti.<\/p>\n\n\n\n<p>Adem\u00e1s Pesatti dijo que \u201cnuestra pol\u00edtica p\u00fablica municipal de acceso al h\u00e1bitat no solo garantiza un derechos esencial sino&nbsp; que tambi\u00e9n promueve el crecimiento de Viedma con m\u00e1s trabajo para el sector constructor, generando un movimiento econ\u00f3mico en la ciudad fuerte y genuino\u201d .<\/p>\n\n\n\n<p>Por su parte, el jefe de Gabinete Marcos Castro, se\u00f1al\u00f3 que \u00abest\u00e1 pol\u00edtica articulada y transversal se trabaja desde todas las \u00e1reas municipales para lograr que ese financiamiento llegue y podamos desarrollar fuertemente el Distrito Vecinal Sur\u00bb<\/p>\n\n\n\n<p>Del encuentro participaron el jefe de Gabinete Marcos Castro, el secretario de Desarrollo Territorial, H\u00e1bitat y Obras P\u00fablicas, los secretarios generales de la CGT M\u00f3nica Miranda y Damian Miler, y los secretarios Ruben Chiucharelli, Wilson Rodriguez, Laura Schlitter y Walter Martel.<\/p>\n<div class=\"fb-background-color\">\n\t\t\t  <div \n\t\t\t  \tclass = \"fb-comments\" \n\t\t\t  \tdata-href = \"https:\/\/www.elpolitologoyelpolitico.com.ar\/wordpress\/2023\/06\/02\/avanzan-gestiones-en-el-gobierno-nacional-para-la-infraestructura-de-loteos-en-viedma\/\"\n\t\t\t  \tdata-numposts = \"10\"\n\t\t\t  \tdata-lazy = \"true\"\n\t\t\t\tdata-colorscheme = \"light\"\n\t\t\t\tdata-order-by = \"social\"\n\t\t\t\tdata-mobile=true>\n\t\t\t  <\/div><\/div>\n\t\t  <style>\n\t\t    .fb-background-color {\n\t\t\t\tbackground: #ffffff !important;\n\t\t\t}\n\t\t\t.fb_iframe_widget_fluid_desktop iframe {\n\t\t\t    width: 100% !important;\n\t\t\t}\n\t\t  <\/style>\n\t\t  ","protected":false},"excerpt":{"rendered":"<p>El intendente Pesatti junto al jefe de Gabinete municipal, Marcos Castro, se reuni\u00f3 con la comisi\u00f3n directiva de la Confederaci\u00f3n General del Trabajo (CGT) Zona Atl\u00e1ntica para avanzar en gestiones y convenios que permitan llevan adelante la infraestructura b\u00e1sica en los lotes del Distrito Vecinal Sur. \u201cDesde hace semanas venimos trabajando y gestionando proyectos ante [&hellip;]<\/p>\n","protected":false},"author":4,"featured_media":31372,"comment_status":"closed","ping_status":"closed","sticky":false,"template":"","format":"standard","meta":{"_joinchat":[],"footnotes":""},"categories":[4],"tags":[],"class_list":["post-31371","post","type-post","status-publish","format-standard","has-post-thumbnail","hentry","category-politicas-publicas"],"_links":{"self":[{"href":"https:\/\/www.elpolitologoyelpolitico.com.ar\/wordpress\/wp-json\/wp\/v2\/posts\/31371","targetHints":{"allow":["GET"]}}],"collection":[{"href":"https:\/\/www.elpolitologoyelpolitico.com.ar\/wordpress\/wp-json\/wp\/v2\/posts"}],"about":[{"href":"https:\/\/www.elpolitologoyelpolitico.com.ar\/wordpress\/wp-json\/wp\/v2\/types\/post"}],"author":[{"embeddable":true,"href":"https:\/\/www.elpolitologoyelpolitico.com.ar\/wordpress\/wp-json\/wp\/v2\/users\/4"}],"replies":[{"embeddable":true,"href":"https:\/\/www.elpolitologoyelpolitico.com.ar\/wordpress\/wp-json\/wp\/v2\/comments?post=31371"}],"version-history":[{"count":0,"href":"https:\/\/www.elpolitologoyelpolitico.com.ar\/wordpress\/wp-json\/wp\/v2\/posts\/31371\/revisions"}],"wp:featuredmedia":[{"embeddable":true,"href":"https:\/\/www.elpolitologoyelpolitico.com.ar\/wordpress\/wp-json\/wp\/v2\/media\/31372"}],"wp:attachment":[{"href":"https:\/\/www.elpolitologoyelpolitico.com.ar\/wordpress\/wp-json\/wp\/v2\/media?parent=31371"}],"wp:term":[{"taxonomy":"category","embeddable":true,"href":"https:\/\/www.elpolitologoyelpolitico.com.ar\/wordpress\/wp-json\/wp\/v2\/categories?post=31371"},{"taxonomy":"post_tag","embeddable":true,"href":"https:\/\/www.elpolitologoyelpolitico.com.ar\/wordpress\/wp-json\/wp\/v2\/tags?post=31371"}],"curies":[{"name":"wp","href":"https:\/\/api.w.org\/{rel}","templated":true}]}}