{"id":31354,"date":"2023-06-02T16:26:45","date_gmt":"2023-06-02T16:26:45","guid":{"rendered":"https:\/\/www.elpolitologoyelpolitico.com.ar\/wordpress\/?p=31354"},"modified":"2023-06-02T16:30:52","modified_gmt":"2023-06-02T16:30:52","slug":"patagones-presente-en-importante-jornada-sobre-gestion-democratica-del-habitat-2","status":"publish","type":"post","link":"https:\/\/www.elpolitologoyelpolitico.com.ar\/wordpress\/2023\/06\/02\/patagones-presente-en-importante-jornada-sobre-gestion-democratica-del-habitat-2\/","title":{"rendered":"Patagones presente en importante jornada sobre Gesti\u00f3n Democr\u00e1tica del H\u00e1bitat"},"content":{"rendered":"\n<p>Con la participaci\u00f3n de referentes de Patagones, se realiz\u00f3 la jornada \u201c40 a\u00f1os de Democracia &#8211; Gesti\u00f3n Democr\u00e1tica del H\u00e1bitat- El sur bonaerense se junta\u201d, el pasado lunes, 29 de mayo, en el Centro Hist\u00f3rico cultural de la Universidad Nacional del Sur de la ciudad de Bah\u00eda Blanca.<\/p>\n\n\n\n<p>La convocatoria, que reuni\u00f3 a representantes de universidades nacionales de la regi\u00f3n, municipios de la Sexta Secci\u00f3n electoral, movimientos sociales, cooperativas, gremios y actores del h\u00e1bitat, tiene como eje principal promover los consejos locales y la participaci\u00f3n comunitaria en la gesti\u00f3n del h\u00e1bitat y surgi\u00f3 de la Comisi\u00f3n de capacitaciones y difusi\u00f3n del Consejo Provincial de Vivienda y H\u00e1bitat, que busca adem\u00e1s fomentar encuentros regionales previos a la realizaci\u00f3n de un evento general en la ciudad de La Plata a mediados de 2023, donde las organizaciones sociales, universidades, municipios, colegios profesionales motoricen las acciones democratizadoras en torno a los temas que atiende el organismo.<\/p>\n\n\n\n<p>La jornada incluy\u00f3 en su programa diversas tem\u00e1ticas, entre ellas sobre \u201cIntervenciones desde el Estado para promover la participaci\u00f3n y la gesti\u00f3n comunitaria en torno al h\u00e1bitat\u201d, donde uno de los expositores fue el referente del Consejo Municipal de H\u00e1bitat de Patagones, Gerardo S\u00e1nchez, quien comparti\u00f3 los alcances del programa \u201cUn lote, una vivienda\u201d, impulsado en el Distrito por la gesti\u00f3n del Intendente Municipal, Ing. Jos\u00e9 Luis Zara.<\/p>\n\n\n\n<p>Del mismo modo, en la secci\u00f3n \u201cSaberes-acciones en torno a la gesti\u00f3n democr\u00e1tica del h\u00e1bitat\u201d, expuso sobre diversas experiencias de Sindicatos, cooperativas y ONGs en la gesti\u00f3n democr\u00e1tica del h\u00e1bitat, la titular de la CGT de Patagones, Betina P\u00e1ez.<\/p>\n\n\n\n<figure class=\"wp-block-embed is-type-video is-provider-youtube wp-block-embed-youtube wp-embed-aspect-16-9 wp-has-aspect-ratio\"><div class=\"wp-block-embed__wrapper\">\n<iframe title=\"Betina paez  sec general udocba #patagones   #cgt #bahiablanca #habitat\" width=\"640\" height=\"360\" src=\"https:\/\/www.youtube.com\/embed\/ugWOXbnmiU8?feature=oembed\" frameborder=\"0\" allow=\"accelerometer; autoplay; clipboard-write; encrypted-media; gyroscope; picture-in-picture; web-share\" referrerpolicy=\"strict-origin-when-cross-origin\" allowfullscreen><\/iframe>\n<\/div><\/figure>\n\n\n\n<p>Descripci\u00f3n de Betina Paez<\/p>\n\n\n\n<p>La Ley provincial 14.449 de Acceso Justo al h\u00e1bitat (LAJH) es el resultado de la lucha de distintas organizaciones territoriales que desde la recuperaci\u00f3n democr\u00e1tica fueron reconstruyendo redes y perge\u00f1ando los instrumentos necesarios para facilitar el acceso al suelo, la vivienda y la ciudad de las familias bonaerenses (especialmente aquellas en situaci\u00f3n de pobreza cr\u00edtica y con necesidades especiales).<\/p>\n\n\n\n<p>Las desigualdades socio territoriales se han profundizado en las \u00faltimas tres d\u00e9cadas a partir de las transformaciones en las condiciones de acumulaci\u00f3n del capital. En las ciudades, se ha desplegado un \u201cneoliberalismo urbano\u201d, lo cual produjo una profundizaci\u00f3n de la mercantilizaci\u00f3n de la tierra y vivienda. Esto produce una nueva configuraci\u00f3n de la tensi\u00f3n entre el rol del Estado y la definici\u00f3n de pol\u00edticas p\u00fablicas, y los derechos humanos como espacio de disputa en la construcci\u00f3n del territorio.<\/p>\n\n\n\n<p>Considero la producci\u00f3n del h\u00e1bitat por parte de las organizaciones socioterritoriales, como proceso colectivo en la disputa y construcci\u00f3n de un \u201clugar\u201d en la ciudad. Esto representa un despliegue de acciones socio organizativas vinculadas a: la satisfacci\u00f3n de necesidades, el reconocimiento como sujetos pol\u00edticos y procesos de resistencia y reivindicativos de los territorios.<\/p>\n\n\n\n<p>La producci\u00f3n social del h\u00e1bitat es un recorte dentro del conjunto de modalidades de autoproducci\u00f3n ejecutadas hist\u00f3ricamente por los sectores de menores ingresos, como consecuencia de la persistente brecha entre las caracter\u00edsticas y alcances de la producci\u00f3n capitalista y la demanda social e hist\u00f3ricamente generada de vivienda y h\u00e1bitat. (que incluye la provisi\u00f3n de un conjunto de servicios e infraestructura urbana) Esta \u00abautoproducci\u00f3n social\u00bb abarca variantes que combinan diferencialmente el papel jugado por los componentes individual-familiar y colectivo-organizado en las distintas etapas del ciclo del habitar (desde los asentamientos iniciados en tomas de tierras hasta los conjuntos habitacionales cooperativistas). Esas variantes han surgido con el objetivo prioritario de satisfacer las necesidades del habitar, para lo cual, la toma de decisiones ligadas al proceso productivo del h\u00e1bitat queda en manos de los productores\/habitantes. Dado el car\u00e1cter masivo y estructural de la autoproducci\u00f3n, el Estado tambi\u00e9n ha implementado progresivamente diversas estrategias que combinan la intervenci\u00f3n\/ no intervenci\u00f3n hacia estos sectores, las modalidades de h\u00e1bitat autoproducido y los submercados particulares que se fueron configurando a partir de esa autoproducci\u00f3n.<\/p>\n<div class=\"fb-background-color\">\n\t\t\t  <div \n\t\t\t  \tclass = \"fb-comments\" \n\t\t\t  \tdata-href = \"https:\/\/www.elpolitologoyelpolitico.com.ar\/wordpress\/2023\/06\/02\/patagones-presente-en-importante-jornada-sobre-gestion-democratica-del-habitat-2\/\"\n\t\t\t  \tdata-numposts = \"10\"\n\t\t\t  \tdata-lazy = \"true\"\n\t\t\t\tdata-colorscheme = \"light\"\n\t\t\t\tdata-order-by = \"social\"\n\t\t\t\tdata-mobile=true>\n\t\t\t  <\/div><\/div>\n\t\t  <style>\n\t\t    .fb-background-color {\n\t\t\t\tbackground: #ffffff !important;\n\t\t\t}\n\t\t\t.fb_iframe_widget_fluid_desktop iframe {\n\t\t\t    width: 100% !important;\n\t\t\t}\n\t\t  <\/style>\n\t\t  ","protected":false},"excerpt":{"rendered":"<p>Con la participaci\u00f3n de referentes de Patagones, se realiz\u00f3 la jornada \u201c40 a\u00f1os de Democracia &#8211; Gesti\u00f3n Democr\u00e1tica del H\u00e1bitat- El sur bonaerense se junta\u201d, el pasado lunes, 29 de mayo, en el Centro Hist\u00f3rico cultural de la Universidad Nacional del Sur de la ciudad de Bah\u00eda Blanca. La convocatoria, que reuni\u00f3 a representantes de [&hellip;]<\/p>\n","protected":false},"author":4,"featured_media":31355,"comment_status":"closed","ping_status":"closed","sticky":false,"template":"","format":"standard","meta":{"_joinchat":[],"footnotes":""},"categories":[39],"tags":[],"class_list":["post-31354","post","type-post","status-publish","format-standard","has-post-thumbnail","hentry","category-en-esta-seccion"],"_links":{"self":[{"href":"https:\/\/www.elpolitologoyelpolitico.com.ar\/wordpress\/wp-json\/wp\/v2\/posts\/31354","targetHints":{"allow":["GET"]}}],"collection":[{"href":"https:\/\/www.elpolitologoyelpolitico.com.ar\/wordpress\/wp-json\/wp\/v2\/posts"}],"about":[{"href":"https:\/\/www.elpolitologoyelpolitico.com.ar\/wordpress\/wp-json\/wp\/v2\/types\/post"}],"author":[{"embeddable":true,"href":"https:\/\/www.elpolitologoyelpolitico.com.ar\/wordpress\/wp-json\/wp\/v2\/users\/4"}],"replies":[{"embeddable":true,"href":"https:\/\/www.elpolitologoyelpolitico.com.ar\/wordpress\/wp-json\/wp\/v2\/comments?post=31354"}],"version-history":[{"count":0,"href":"https:\/\/www.elpolitologoyelpolitico.com.ar\/wordpress\/wp-json\/wp\/v2\/posts\/31354\/revisions"}],"wp:featuredmedia":[{"embeddable":true,"href":"https:\/\/www.elpolitologoyelpolitico.com.ar\/wordpress\/wp-json\/wp\/v2\/media\/31355"}],"wp:attachment":[{"href":"https:\/\/www.elpolitologoyelpolitico.com.ar\/wordpress\/wp-json\/wp\/v2\/media?parent=31354"}],"wp:term":[{"taxonomy":"category","embeddable":true,"href":"https:\/\/www.elpolitologoyelpolitico.com.ar\/wordpress\/wp-json\/wp\/v2\/categories?post=31354"},{"taxonomy":"post_tag","embeddable":true,"href":"https:\/\/www.elpolitologoyelpolitico.com.ar\/wordpress\/wp-json\/wp\/v2\/tags?post=31354"}],"curies":[{"name":"wp","href":"https:\/\/api.w.org\/{rel}","templated":true}]}}