{"id":31343,"date":"2023-06-02T14:10:11","date_gmt":"2023-06-02T14:10:11","guid":{"rendered":"https:\/\/www.elpolitologoyelpolitico.com.ar\/wordpress\/?p=31343"},"modified":"2023-06-02T16:12:08","modified_gmt":"2023-06-02T16:12:08","slug":"alerta-de-concejales-del-fdt-por-el-loteo-sosa","status":"publish","type":"post","link":"https:\/\/www.elpolitologoyelpolitico.com.ar\/wordpress\/2023\/06\/02\/alerta-de-concejales-del-fdt-por-el-loteo-sosa\/","title":{"rendered":"ALERTA DE CONCEJALES DEL FDT POR EL LOTEO SOSA"},"content":{"rendered":"\n<p>El Frente de Todos solicit\u00f3 informaci\u00f3n al Intendente Zara, ante la convocatoria a los compradores de terrenos del sector privado que involucra a la Municipalidad.<\/p>\n\n\n\n<p>En los \u00faltimos d\u00edas estuvo circulando una convocatoria a compradores de terrenos en el sector privado del Loteo Sosa. La misma lleva la firma del privado, e informa que en la reuni\u00f3n participar\u00e1 el gobierno municipal. Por ese motivo los ediles del Frente de Todos solicitaron informaci\u00f3n al Jefe Comunal.<\/p>\n\n\n\n<p>En la solicitud plantean que al d\u00eda de la fecha no hay informaci\u00f3n del gobierno municipal sobre los resultados de la aplicaci\u00f3n del procedimiento de venta por parte del privado. Asimismo destacan que en caso de incumplimiento el estado municipal debe interceder de manera unilateral para resolver la situaci\u00f3n dominial en favor de las familias que ya compraron y la recuperaci\u00f3n del resto de los lotes sociales.<\/p>\n\n\n\n<p>Por \u00faltimo el Frente de Todos acompa\u00f1ar\u00e1 las gestiones para que todas las familias que ya compraron terrenos en el sector privado, resuelvan su situaci\u00f3n de compra en el marco de los objetivos del programa social habitacional en el que est\u00e1 inscripto el loteo.<\/p>\n\n\n\n<p><\/p>\n\n\n\n<p><\/p>\n\n\n\n<p><\/p>\n\n\n\n<p><\/p>\n<div class=\"fb-background-color\">\n\t\t\t  <div \n\t\t\t  \tclass = \"fb-comments\" \n\t\t\t  \tdata-href = \"https:\/\/www.elpolitologoyelpolitico.com.ar\/wordpress\/2023\/06\/02\/alerta-de-concejales-del-fdt-por-el-loteo-sosa\/\"\n\t\t\t  \tdata-numposts = \"10\"\n\t\t\t  \tdata-lazy = \"true\"\n\t\t\t\tdata-colorscheme = \"light\"\n\t\t\t\tdata-order-by = \"social\"\n\t\t\t\tdata-mobile=true>\n\t\t\t  <\/div><\/div>\n\t\t  <style>\n\t\t    .fb-background-color {\n\t\t\t\tbackground: #ffffff !important;\n\t\t\t}\n\t\t\t.fb_iframe_widget_fluid_desktop iframe {\n\t\t\t    width: 100% !important;\n\t\t\t}\n\t\t  <\/style>\n\t\t  ","protected":false},"excerpt":{"rendered":"<p>El Frente de Todos solicit\u00f3 informaci\u00f3n al Intendente Zara, ante la convocatoria a los compradores de terrenos del sector privado que involucra a la Municipalidad. En los \u00faltimos d\u00edas estuvo circulando una convocatoria a compradores de terrenos en el sector privado del Loteo Sosa. La misma lleva la firma del privado, e informa que en [&hellip;]<\/p>\n","protected":false},"author":4,"featured_media":31344,"comment_status":"closed","ping_status":"closed","sticky":false,"template":"","format":"standard","meta":{"_joinchat":[],"footnotes":""},"categories":[39],"tags":[],"class_list":["post-31343","post","type-post","status-publish","format-standard","has-post-thumbnail","hentry","category-en-esta-seccion"],"_links":{"self":[{"href":"https:\/\/www.elpolitologoyelpolitico.com.ar\/wordpress\/wp-json\/wp\/v2\/posts\/31343","targetHints":{"allow":["GET"]}}],"collection":[{"href":"https:\/\/www.elpolitologoyelpolitico.com.ar\/wordpress\/wp-json\/wp\/v2\/posts"}],"about":[{"href":"https:\/\/www.elpolitologoyelpolitico.com.ar\/wordpress\/wp-json\/wp\/v2\/types\/post"}],"author":[{"embeddable":true,"href":"https:\/\/www.elpolitologoyelpolitico.com.ar\/wordpress\/wp-json\/wp\/v2\/users\/4"}],"replies":[{"embeddable":true,"href":"https:\/\/www.elpolitologoyelpolitico.com.ar\/wordpress\/wp-json\/wp\/v2\/comments?post=31343"}],"version-history":[{"count":0,"href":"https:\/\/www.elpolitologoyelpolitico.com.ar\/wordpress\/wp-json\/wp\/v2\/posts\/31343\/revisions"}],"wp:featuredmedia":[{"embeddable":true,"href":"https:\/\/www.elpolitologoyelpolitico.com.ar\/wordpress\/wp-json\/wp\/v2\/media\/31344"}],"wp:attachment":[{"href":"https:\/\/www.elpolitologoyelpolitico.com.ar\/wordpress\/wp-json\/wp\/v2\/media?parent=31343"}],"wp:term":[{"taxonomy":"category","embeddable":true,"href":"https:\/\/www.elpolitologoyelpolitico.com.ar\/wordpress\/wp-json\/wp\/v2\/categories?post=31343"},{"taxonomy":"post_tag","embeddable":true,"href":"https:\/\/www.elpolitologoyelpolitico.com.ar\/wordpress\/wp-json\/wp\/v2\/tags?post=31343"}],"curies":[{"name":"wp","href":"https:\/\/api.w.org\/{rel}","templated":true}]}}