{"id":31340,"date":"2023-06-02T13:49:37","date_gmt":"2023-06-02T13:49:37","guid":{"rendered":"https:\/\/www.elpolitologoyelpolitico.com.ar\/wordpress\/?p=31340"},"modified":"2023-06-02T13:49:38","modified_gmt":"2023-06-02T13:49:38","slug":"viedma-se-corta-el-servicio-de-agua-en-el-barrio-america","status":"publish","type":"post","link":"https:\/\/www.elpolitologoyelpolitico.com.ar\/wordpress\/2023\/06\/02\/viedma-se-corta-el-servicio-de-agua-en-el-barrio-america\/","title":{"rendered":"Viedma: se corta el servicio de agua en el Barrio Am\u00e9rica"},"content":{"rendered":"\n<p>Aguas Rionegrinas informa a los usuarios de Viedma que a pedido de la junta vecinal este viernes 2 de junio se interrumpir\u00e1 el suministro de agua potable en el barrio Am\u00e9rica.<\/p>\n\n\n\n<p>En este sentido se prev\u00e9 interrumpir el suministro en este barrio desde las 13 horas hasta las 16 horas del mismo viernes, para que se pueda realizar reparaci\u00f3n interna.<\/p>\n\n\n\n<p>Por ello recomendamos a los usuarios de este sector de la ciudad tomar los recaudos necesarios y acopiar agua para evitar la faltante del recurso mientras est\u00e9 afectado el servicio.<\/p>\n\n\n\n<p>Por dudas, consultas o reclamos est\u00e1 disponible la l\u00ednea telef\u00f3nica gratuita 0800 999 24827.<\/p>\n<div class=\"fb-background-color\">\n\t\t\t  <div \n\t\t\t  \tclass = \"fb-comments\" \n\t\t\t  \tdata-href = \"https:\/\/www.elpolitologoyelpolitico.com.ar\/wordpress\/2023\/06\/02\/viedma-se-corta-el-servicio-de-agua-en-el-barrio-america\/\"\n\t\t\t  \tdata-numposts = \"10\"\n\t\t\t  \tdata-lazy = \"true\"\n\t\t\t\tdata-colorscheme = \"light\"\n\t\t\t\tdata-order-by = \"social\"\n\t\t\t\tdata-mobile=true>\n\t\t\t  <\/div><\/div>\n\t\t  <style>\n\t\t    .fb-background-color {\n\t\t\t\tbackground: #ffffff !important;\n\t\t\t}\n\t\t\t.fb_iframe_widget_fluid_desktop iframe {\n\t\t\t    width: 100% !important;\n\t\t\t}\n\t\t  <\/style>\n\t\t  ","protected":false},"excerpt":{"rendered":"<p>Aguas Rionegrinas informa a los usuarios de Viedma que a pedido de la junta vecinal este viernes 2 de junio se interrumpir\u00e1 el suministro de agua potable en el barrio Am\u00e9rica. En este sentido se prev\u00e9 interrumpir el suministro en este barrio desde las 13 horas hasta las 16 horas del mismo viernes, para que [&hellip;]<\/p>\n","protected":false},"author":4,"featured_media":31341,"comment_status":"closed","ping_status":"closed","sticky":false,"template":"","format":"standard","meta":{"_joinchat":[],"footnotes":""},"categories":[39],"tags":[],"class_list":["post-31340","post","type-post","status-publish","format-standard","has-post-thumbnail","hentry","category-en-esta-seccion"],"_links":{"self":[{"href":"https:\/\/www.elpolitologoyelpolitico.com.ar\/wordpress\/wp-json\/wp\/v2\/posts\/31340","targetHints":{"allow":["GET"]}}],"collection":[{"href":"https:\/\/www.elpolitologoyelpolitico.com.ar\/wordpress\/wp-json\/wp\/v2\/posts"}],"about":[{"href":"https:\/\/www.elpolitologoyelpolitico.com.ar\/wordpress\/wp-json\/wp\/v2\/types\/post"}],"author":[{"embeddable":true,"href":"https:\/\/www.elpolitologoyelpolitico.com.ar\/wordpress\/wp-json\/wp\/v2\/users\/4"}],"replies":[{"embeddable":true,"href":"https:\/\/www.elpolitologoyelpolitico.com.ar\/wordpress\/wp-json\/wp\/v2\/comments?post=31340"}],"version-history":[{"count":0,"href":"https:\/\/www.elpolitologoyelpolitico.com.ar\/wordpress\/wp-json\/wp\/v2\/posts\/31340\/revisions"}],"wp:featuredmedia":[{"embeddable":true,"href":"https:\/\/www.elpolitologoyelpolitico.com.ar\/wordpress\/wp-json\/wp\/v2\/media\/31341"}],"wp:attachment":[{"href":"https:\/\/www.elpolitologoyelpolitico.com.ar\/wordpress\/wp-json\/wp\/v2\/media?parent=31340"}],"wp:term":[{"taxonomy":"category","embeddable":true,"href":"https:\/\/www.elpolitologoyelpolitico.com.ar\/wordpress\/wp-json\/wp\/v2\/categories?post=31340"},{"taxonomy":"post_tag","embeddable":true,"href":"https:\/\/www.elpolitologoyelpolitico.com.ar\/wordpress\/wp-json\/wp\/v2\/tags?post=31340"}],"curies":[{"name":"wp","href":"https:\/\/api.w.org\/{rel}","templated":true}]}}