{"id":31337,"date":"2023-06-02T00:06:30","date_gmt":"2023-06-02T00:06:30","guid":{"rendered":"https:\/\/www.elpolitologoyelpolitico.com.ar\/wordpress\/?p=31337"},"modified":"2023-06-02T00:06:31","modified_gmt":"2023-06-02T00:06:31","slug":"comienza-el-pago-de-autoridades-de-mesa-de-las-elecciones-del-16-de-abril","status":"publish","type":"post","link":"https:\/\/www.elpolitologoyelpolitico.com.ar\/wordpress\/2023\/06\/02\/comienza-el-pago-de-autoridades-de-mesa-de-las-elecciones-del-16-de-abril\/","title":{"rendered":"Comienza el pago de autoridades de mesa de las elecciones del 16 de abril"},"content":{"rendered":"\n<p>El Gobierno de R\u00edo Negro informa que est\u00e1 disponible el cronograma de pago para quienes cumplieron debidamente la funci\u00f3n de autoridades de mesa en las elecciones provinciales celebradas el 16 de abril.<\/p>\n\n\n\n<p>El pago comenzar\u00e1 el pr\u00f3ximo lunes 5 de junio, a trav\u00e9s de un cronograma estipulado seg\u00fan la terminaci\u00f3n del DNI y en las sucursales del Correo Argentino.<\/p>\n\n\n\n<p>Los documentos terminados en 0 y 1 estar\u00e1n habilitados para cobrar a partir del 5 de junio. Aquellos que finalicen con 2 y 3 podr\u00e1n retirar el dinero desde el d\u00eda 6. Los que terminen en 4 y 5 se podr\u00e1n acercar desde el 7 de junio.<\/p>\n\n\n\n<p>En tanto, aquellas personas cuyo DNI termina en 6 y 7 tendr\u00e1n disponible su pago el d\u00eda 8 de junio. Finalmente, los documentos terminados en 8 y 9 cobrar\u00e1n su servicio el 9 del corriente mes.<\/p>\n\n\n\n<p>Cabe resaltar que el plazo para presentarse personalmente a la sucursal m\u00e1s cercana del Correo Argentino, con DNI en mano, y recepcionar el vi\u00e1tico mencionado es de 30 d\u00edas h\u00e1biles a partir del momento en el cual comienza a correr el cronograma detallado.<\/p>\n\n\n\n<p>En el caso de aquellos ciudadanos que no puedan asistir en persona, deber\u00e1n firmar una autorizaci\u00f3n con todos los datos pertinentes facultando a un tercero a ejecutar el tr\u00e1mite.<\/p>\n\n\n\n<p>Cabe recordar que quienes cumplieron funciones de autoridades de mesas percibir\u00e1n una compensaci\u00f3n econ\u00f3mica por todo concepto de $12.000.<\/p>\n<div class=\"fb-background-color\">\n\t\t\t  <div \n\t\t\t  \tclass = \"fb-comments\" \n\t\t\t  \tdata-href = \"https:\/\/www.elpolitologoyelpolitico.com.ar\/wordpress\/2023\/06\/02\/comienza-el-pago-de-autoridades-de-mesa-de-las-elecciones-del-16-de-abril\/\"\n\t\t\t  \tdata-numposts = \"10\"\n\t\t\t  \tdata-lazy = \"true\"\n\t\t\t\tdata-colorscheme = \"light\"\n\t\t\t\tdata-order-by = \"social\"\n\t\t\t\tdata-mobile=true>\n\t\t\t  <\/div><\/div>\n\t\t  <style>\n\t\t    .fb-background-color {\n\t\t\t\tbackground: #ffffff !important;\n\t\t\t}\n\t\t\t.fb_iframe_widget_fluid_desktop iframe {\n\t\t\t    width: 100% !important;\n\t\t\t}\n\t\t  <\/style>\n\t\t  ","protected":false},"excerpt":{"rendered":"<p>El Gobierno de R\u00edo Negro informa que est\u00e1 disponible el cronograma de pago para quienes cumplieron debidamente la funci\u00f3n de autoridades de mesa en las elecciones provinciales celebradas el 16 de abril. El pago comenzar\u00e1 el pr\u00f3ximo lunes 5 de junio, a trav\u00e9s de un cronograma estipulado seg\u00fan la terminaci\u00f3n del DNI y en las [&hellip;]<\/p>\n","protected":false},"author":4,"featured_media":31338,"comment_status":"closed","ping_status":"closed","sticky":false,"template":"","format":"standard","meta":{"_joinchat":[],"footnotes":""},"categories":[39],"tags":[],"class_list":["post-31337","post","type-post","status-publish","format-standard","has-post-thumbnail","hentry","category-en-esta-seccion"],"_links":{"self":[{"href":"https:\/\/www.elpolitologoyelpolitico.com.ar\/wordpress\/wp-json\/wp\/v2\/posts\/31337","targetHints":{"allow":["GET"]}}],"collection":[{"href":"https:\/\/www.elpolitologoyelpolitico.com.ar\/wordpress\/wp-json\/wp\/v2\/posts"}],"about":[{"href":"https:\/\/www.elpolitologoyelpolitico.com.ar\/wordpress\/wp-json\/wp\/v2\/types\/post"}],"author":[{"embeddable":true,"href":"https:\/\/www.elpolitologoyelpolitico.com.ar\/wordpress\/wp-json\/wp\/v2\/users\/4"}],"replies":[{"embeddable":true,"href":"https:\/\/www.elpolitologoyelpolitico.com.ar\/wordpress\/wp-json\/wp\/v2\/comments?post=31337"}],"version-history":[{"count":0,"href":"https:\/\/www.elpolitologoyelpolitico.com.ar\/wordpress\/wp-json\/wp\/v2\/posts\/31337\/revisions"}],"wp:featuredmedia":[{"embeddable":true,"href":"https:\/\/www.elpolitologoyelpolitico.com.ar\/wordpress\/wp-json\/wp\/v2\/media\/31338"}],"wp:attachment":[{"href":"https:\/\/www.elpolitologoyelpolitico.com.ar\/wordpress\/wp-json\/wp\/v2\/media?parent=31337"}],"wp:term":[{"taxonomy":"category","embeddable":true,"href":"https:\/\/www.elpolitologoyelpolitico.com.ar\/wordpress\/wp-json\/wp\/v2\/categories?post=31337"},{"taxonomy":"post_tag","embeddable":true,"href":"https:\/\/www.elpolitologoyelpolitico.com.ar\/wordpress\/wp-json\/wp\/v2\/tags?post=31337"}],"curies":[{"name":"wp","href":"https:\/\/api.w.org\/{rel}","templated":true}]}}