{"id":31334,"date":"2023-06-01T23:27:53","date_gmt":"2023-06-01T23:27:53","guid":{"rendered":"https:\/\/www.elpolitologoyelpolitico.com.ar\/wordpress\/?p=31334"},"modified":"2023-06-01T23:27:56","modified_gmt":"2023-06-01T23:27:56","slug":"el-fudb-solicita-implementacion-inmediata-del-acuerdo-paritario-de-resguardo-y-reparacion","status":"publish","type":"post","link":"https:\/\/www.elpolitologoyelpolitico.com.ar\/wordpress\/2023\/06\/01\/el-fudb-solicita-implementacion-inmediata-del-acuerdo-paritario-de-resguardo-y-reparacion\/","title":{"rendered":"EL FUDB SOLICITA IMPLEMENTACI\u00d3N INMEDIATA DEL ACUERDO PARITARIO DE RESGUARDO Y REPARACI\u00d3N"},"content":{"rendered":"\n<p>En el d\u00eda de la fecha, el Frente de Unidad Docente Bonaerense hizo una presentaci\u00f3n frente al Director General de Cultura y Educaci\u00f3n, Alberto Sileoni, para reclamar la urgente implementaci\u00f3n del Acuerdo Paritario de Resguardo y Reparaci\u00f3n.<\/p>\n\n\n\n<p>En la misma, los integrantes del Frente de Unidad Docente Bonaerense reclaman los siguientes cuatro puntos:<\/p>\n\n\n\n<p>1) Pronta convocatoria al \u00c1mbito Interministerial provincial y el \u00c1mbito Intersectorial en cada uno de los distritos para dar tratamiento al Acuerdo Paritario.<\/p>\n\n\n\n<p>2) Jornadas Institucionales para el an\u00e1lisis y la construcci\u00f3n de propuestas en cada instituci\u00f3n educativa.<\/p>\n\n\n\n<p>3) Espacios de formaci\u00f3n para Supervisores\/as y Directores\/as, dadas sus responsabilidades respecto de las intervenciones, acompa\u00f1amientos, contenci\u00f3n y aportes conceptuales, normativos y jur\u00eddicos a Trabajadores\/as de la Educaci\u00f3n, Estudiantes y Comunidad Educativa.<\/p>\n\n\n\n<p>4) Convocatoria a Cogesti\u00f3n Provincial para abordar los art\u00edculos en relaci\u00f3n a los derechos y salud laborales.<\/p>\n\n\n\n<p>Cabe destacar que el mencionado Acuerdo Paritario abarca tanto a las Escuelas de gesti\u00f3n estatal como de gesti\u00f3n privada.<\/p>\n\n\n\n<p>En consecuencia, son los empleadores los responsables de arbitrar todos los medios para garantizar el cumplimiento de dicho Acuerdo en Escuelas de gesti\u00f3n privada.<\/p>\n\n\n\n<p>De esta manera, el FUDB expresa una vez m\u00e1s una demanda muy sentida por sus representados\/as FRENTE A SITUACIONES DE VIOLENCIA EN EL \u00c1MBITO ESCOLAR, en defensa de la Educaci\u00f3n P\u00fablica, de los derechos de los\/as Estudiantes y de los\/as Trabajadores\/as de la Educaci\u00f3n.<\/p>\n\n\n\n<p>El Acuerdo Paritario recientemente firmado es hoy el punto de partida para avanzar en la construcci\u00f3n de derechos y afianzar a las Escuelas como espacios de cuidado, de paz y de construcci\u00f3n de conocimiento.<\/p>\n<div class=\"fb-background-color\">\n\t\t\t  <div \n\t\t\t  \tclass = \"fb-comments\" \n\t\t\t  \tdata-href = \"https:\/\/www.elpolitologoyelpolitico.com.ar\/wordpress\/2023\/06\/01\/el-fudb-solicita-implementacion-inmediata-del-acuerdo-paritario-de-resguardo-y-reparacion\/\"\n\t\t\t  \tdata-numposts = \"10\"\n\t\t\t  \tdata-lazy = \"true\"\n\t\t\t\tdata-colorscheme = \"light\"\n\t\t\t\tdata-order-by = \"social\"\n\t\t\t\tdata-mobile=true>\n\t\t\t  <\/div><\/div>\n\t\t  <style>\n\t\t    .fb-background-color {\n\t\t\t\tbackground: #ffffff !important;\n\t\t\t}\n\t\t\t.fb_iframe_widget_fluid_desktop iframe {\n\t\t\t    width: 100% !important;\n\t\t\t}\n\t\t  <\/style>\n\t\t  ","protected":false},"excerpt":{"rendered":"<p>En el d\u00eda de la fecha, el Frente de Unidad Docente Bonaerense hizo una presentaci\u00f3n frente al Director General de Cultura y Educaci\u00f3n, Alberto Sileoni, para reclamar la urgente implementaci\u00f3n del Acuerdo Paritario de Resguardo y Reparaci\u00f3n. En la misma, los integrantes del Frente de Unidad Docente Bonaerense reclaman los siguientes cuatro puntos: 1) Pronta [&hellip;]<\/p>\n","protected":false},"author":4,"featured_media":31335,"comment_status":"closed","ping_status":"closed","sticky":false,"template":"","format":"standard","meta":{"_joinchat":[],"footnotes":""},"categories":[39],"tags":[],"class_list":["post-31334","post","type-post","status-publish","format-standard","has-post-thumbnail","hentry","category-en-esta-seccion"],"_links":{"self":[{"href":"https:\/\/www.elpolitologoyelpolitico.com.ar\/wordpress\/wp-json\/wp\/v2\/posts\/31334","targetHints":{"allow":["GET"]}}],"collection":[{"href":"https:\/\/www.elpolitologoyelpolitico.com.ar\/wordpress\/wp-json\/wp\/v2\/posts"}],"about":[{"href":"https:\/\/www.elpolitologoyelpolitico.com.ar\/wordpress\/wp-json\/wp\/v2\/types\/post"}],"author":[{"embeddable":true,"href":"https:\/\/www.elpolitologoyelpolitico.com.ar\/wordpress\/wp-json\/wp\/v2\/users\/4"}],"replies":[{"embeddable":true,"href":"https:\/\/www.elpolitologoyelpolitico.com.ar\/wordpress\/wp-json\/wp\/v2\/comments?post=31334"}],"version-history":[{"count":0,"href":"https:\/\/www.elpolitologoyelpolitico.com.ar\/wordpress\/wp-json\/wp\/v2\/posts\/31334\/revisions"}],"wp:featuredmedia":[{"embeddable":true,"href":"https:\/\/www.elpolitologoyelpolitico.com.ar\/wordpress\/wp-json\/wp\/v2\/media\/31335"}],"wp:attachment":[{"href":"https:\/\/www.elpolitologoyelpolitico.com.ar\/wordpress\/wp-json\/wp\/v2\/media?parent=31334"}],"wp:term":[{"taxonomy":"category","embeddable":true,"href":"https:\/\/www.elpolitologoyelpolitico.com.ar\/wordpress\/wp-json\/wp\/v2\/categories?post=31334"},{"taxonomy":"post_tag","embeddable":true,"href":"https:\/\/www.elpolitologoyelpolitico.com.ar\/wordpress\/wp-json\/wp\/v2\/tags?post=31334"}],"curies":[{"name":"wp","href":"https:\/\/api.w.org\/{rel}","templated":true}]}}