{"id":31330,"date":"2023-06-01T23:15:46","date_gmt":"2023-06-01T23:15:46","guid":{"rendered":"https:\/\/www.elpolitologoyelpolitico.com.ar\/wordpress\/?p=31330"},"modified":"2023-06-01T23:15:49","modified_gmt":"2023-06-01T23:15:49","slug":"cevoli-acompana-la-celebracion-por-los-30-anos-del-globito-azul","status":"publish","type":"post","link":"https:\/\/www.elpolitologoyelpolitico.com.ar\/wordpress\/2023\/06\/01\/cevoli-acompana-la-celebracion-por-los-30-anos-del-globito-azul\/","title":{"rendered":"C\u00e9voli acompa\u00f1a la celebraci\u00f3n por los 30 a\u00f1os del \u201cGlobito Azul\u201d"},"content":{"rendered":"\n<p>El Centro de Promoci\u00f3n y Apoyo a la Crianza \u201cGlobito Azul\u201d cumpli\u00f3 30 a\u00f1os y durante el d\u00eda de hoy y ma\u00f1ana se proyectan diversas propuestas formativas, l\u00fadicas y de encuentro, que tienen como objetivo la promoci\u00f3n de la Ley N\u00ba 27.709 de creaci\u00f3n del Plan Federal de Capacitaci\u00f3n sobre Derechos de Ni\u00f1os, Ni\u00f1as y Adolescentes. La presidenta del Concejo Deliberante de Viedma, Maricel C\u00e9voli, propuso declararlas de inter\u00e9s educativo, social y comunitario.<\/p>\n\n\n\n<p>El \u201cGlobito Azul\u201d, dependiente de la Secretar\u00eda de Estado de Ni\u00f1ez, Adolescencia y Familia (SENAF), de la provincia de R\u00edo Negro, fue fundado en 1993 y se encuentra ubicado en el barrio Parque Independencia de la ciudad de Viedma.<\/p>\n\n\n\n<p>La celebraci\u00f3n surge de las y los trabajadores del Centro, con el apoyo y acompa\u00f1amiento de SENAF, a los fines de compartir y transmitir el compromiso social que se ha mantenido a lo largo del tiempo y en agradecimiento a las personas, organizaciones y comunidad que han acompa\u00f1ado de forma sostenida.<\/p>\n\n\n\n<p>La propuesta implica diversas actividades dirigidas no s\u00f3lo a los\/as ni\u00f1os\/as y sus familias, sino tambi\u00e9n a los jardines maternales, de infantes (Zona I y II) y el Centro de Desarrollo Infantil de nuestra ciudad.<\/p>\n\n\n\n<figure class=\"wp-block-image size-large\"><img fetchpriority=\"high\" decoding=\"async\" width=\"1024\" height=\"682\" src=\"https:\/\/www.elpolitologoyelpolitico.com.ar\/wp-content\/uploads\/2023\/06\/IMG-20230601-WA0024-1024x682.jpg\" alt=\"\" class=\"wp-image-31332\" srcset=\"https:\/\/www.elpolitologoyelpolitico.com.ar\/wp-content\/uploads\/2023\/06\/IMG-20230601-WA0024-1024x682.jpg 1024w, https:\/\/www.elpolitologoyelpolitico.com.ar\/wp-content\/uploads\/2023\/06\/IMG-20230601-WA0024-300x200.jpg 300w, https:\/\/www.elpolitologoyelpolitico.com.ar\/wp-content\/uploads\/2023\/06\/IMG-20230601-WA0024-768x512.jpg 768w, https:\/\/www.elpolitologoyelpolitico.com.ar\/wp-content\/uploads\/2023\/06\/IMG-20230601-WA0024-1536x1023.jpg 1536w, https:\/\/www.elpolitologoyelpolitico.com.ar\/wp-content\/uploads\/2023\/06\/IMG-20230601-WA0024.jpg 1600w\" sizes=\"(max-width: 1024px) 100vw, 1024px\" \/><\/figure>\n<div class=\"fb-background-color\">\n\t\t\t  <div \n\t\t\t  \tclass = \"fb-comments\" \n\t\t\t  \tdata-href = \"https:\/\/www.elpolitologoyelpolitico.com.ar\/wordpress\/2023\/06\/01\/cevoli-acompana-la-celebracion-por-los-30-anos-del-globito-azul\/\"\n\t\t\t  \tdata-numposts = \"10\"\n\t\t\t  \tdata-lazy = \"true\"\n\t\t\t\tdata-colorscheme = \"light\"\n\t\t\t\tdata-order-by = \"social\"\n\t\t\t\tdata-mobile=true>\n\t\t\t  <\/div><\/div>\n\t\t  <style>\n\t\t    .fb-background-color {\n\t\t\t\tbackground: #ffffff !important;\n\t\t\t}\n\t\t\t.fb_iframe_widget_fluid_desktop iframe {\n\t\t\t    width: 100% !important;\n\t\t\t}\n\t\t  <\/style>\n\t\t  ","protected":false},"excerpt":{"rendered":"<p>El Centro de Promoci\u00f3n y Apoyo a la Crianza \u201cGlobito Azul\u201d cumpli\u00f3 30 a\u00f1os y durante el d\u00eda de hoy y ma\u00f1ana se proyectan diversas propuestas formativas, l\u00fadicas y de encuentro, que tienen como objetivo la promoci\u00f3n de la Ley N\u00ba 27.709 de creaci\u00f3n del Plan Federal de Capacitaci\u00f3n sobre Derechos de Ni\u00f1os, Ni\u00f1as y [&hellip;]<\/p>\n","protected":false},"author":4,"featured_media":31331,"comment_status":"closed","ping_status":"closed","sticky":false,"template":"","format":"standard","meta":{"_joinchat":[],"footnotes":""},"categories":[39],"tags":[],"class_list":["post-31330","post","type-post","status-publish","format-standard","has-post-thumbnail","hentry","category-en-esta-seccion"],"_links":{"self":[{"href":"https:\/\/www.elpolitologoyelpolitico.com.ar\/wordpress\/wp-json\/wp\/v2\/posts\/31330","targetHints":{"allow":["GET"]}}],"collection":[{"href":"https:\/\/www.elpolitologoyelpolitico.com.ar\/wordpress\/wp-json\/wp\/v2\/posts"}],"about":[{"href":"https:\/\/www.elpolitologoyelpolitico.com.ar\/wordpress\/wp-json\/wp\/v2\/types\/post"}],"author":[{"embeddable":true,"href":"https:\/\/www.elpolitologoyelpolitico.com.ar\/wordpress\/wp-json\/wp\/v2\/users\/4"}],"replies":[{"embeddable":true,"href":"https:\/\/www.elpolitologoyelpolitico.com.ar\/wordpress\/wp-json\/wp\/v2\/comments?post=31330"}],"version-history":[{"count":0,"href":"https:\/\/www.elpolitologoyelpolitico.com.ar\/wordpress\/wp-json\/wp\/v2\/posts\/31330\/revisions"}],"wp:featuredmedia":[{"embeddable":true,"href":"https:\/\/www.elpolitologoyelpolitico.com.ar\/wordpress\/wp-json\/wp\/v2\/media\/31331"}],"wp:attachment":[{"href":"https:\/\/www.elpolitologoyelpolitico.com.ar\/wordpress\/wp-json\/wp\/v2\/media?parent=31330"}],"wp:term":[{"taxonomy":"category","embeddable":true,"href":"https:\/\/www.elpolitologoyelpolitico.com.ar\/wordpress\/wp-json\/wp\/v2\/categories?post=31330"},{"taxonomy":"post_tag","embeddable":true,"href":"https:\/\/www.elpolitologoyelpolitico.com.ar\/wordpress\/wp-json\/wp\/v2\/tags?post=31330"}],"curies":[{"name":"wp","href":"https:\/\/api.w.org\/{rel}","templated":true}]}}