{"id":31325,"date":"2023-06-01T22:59:19","date_gmt":"2023-06-01T22:59:19","guid":{"rendered":"https:\/\/www.elpolitologoyelpolitico.com.ar\/wordpress\/?p=31325"},"modified":"2023-06-01T22:59:21","modified_gmt":"2023-06-01T22:59:21","slug":"el-servicio-de-castracion-de-mascotas-antirrabicas-y-desparasitacion-sigue-recorriendo-los-barrios","status":"publish","type":"post","link":"https:\/\/www.elpolitologoyelpolitico.com.ar\/wordpress\/2023\/06\/01\/el-servicio-de-castracion-de-mascotas-antirrabicas-y-desparasitacion-sigue-recorriendo-los-barrios\/","title":{"rendered":"El servicio de castraci\u00f3n de mascotas, antirr\u00e1bicas y desparasitaci\u00f3n sigue recorriendo los barrios"},"content":{"rendered":"\n<p>Con una muy positiva respuesta por parte de la comunidad, el \u00e1rea de Zoonosis, dependiente del \u00e1rea de Coordinaci\u00f3n de Programas Sanitarios de la Secretar\u00eda de Salud, contin\u00faa recorriendo los barrios de la ciudad brindando el servicio gratuito de castraci\u00f3n de mascotas.<\/p>\n\n\n\n<p>Seg\u00fan detall\u00f3 la Coordinadora de Programas Sanitarios, Lic. Mabel Guzm\u00e1n, desde el lanzamiento del operativo se realizaron numerosas intervenciones.<\/p>\n\n\n\n<p>A ello se suma la entrega de antiparasitarios y la colocaci\u00f3n de vacunas antirr\u00e1bicas.<\/p>\n\n\n\n<p>Al respecto y a modo de ejemplo, refiri\u00f3 que en s\u00f3lo dos jornadas, los d\u00edas martes 30 y mi\u00e9rcoles 31 de mayo en el barrio Bicentenario, el personal realiz\u00f3 21 castraciones, entreg\u00f3 casi 40 antiparasitarios y aplic\u00f3 m\u00e1s de 34 vacunas antirr\u00e1bicas.<\/p>\n\n\n\n<p>Con los resultados de los barrios recorridos, el balance es m\u00e1s que positivo e incentiva al equipo a continuar trabajando en la concientizaci\u00f3n y prevenci\u00f3n en territorio, una acci\u00f3n que ha sido muy bien recibida por las familias de los barrios.<\/p>\n\n\n\n<figure class=\"wp-block-gallery has-nested-images columns-default is-cropped wp-block-gallery-1 is-layout-flex wp-block-gallery-is-layout-flex\">\n<figure class=\"wp-block-image size-large\"><img fetchpriority=\"high\" decoding=\"async\" width=\"576\" height=\"1024\" data-id=\"31327\" src=\"https:\/\/www.elpolitologoyelpolitico.com.ar\/wp-content\/uploads\/2023\/06\/IMG-20230601-WA0022-576x1024.jpg\" alt=\"\" class=\"wp-image-31327\" srcset=\"https:\/\/www.elpolitologoyelpolitico.com.ar\/wp-content\/uploads\/2023\/06\/IMG-20230601-WA0022-576x1024.jpg 576w, https:\/\/www.elpolitologoyelpolitico.com.ar\/wp-content\/uploads\/2023\/06\/IMG-20230601-WA0022-169x300.jpg 169w, https:\/\/www.elpolitologoyelpolitico.com.ar\/wp-content\/uploads\/2023\/06\/IMG-20230601-WA0022.jpg 720w\" sizes=\"(max-width: 576px) 100vw, 576px\" \/><\/figure>\n\n\n\n<figure class=\"wp-block-image size-large\"><img decoding=\"async\" width=\"1024\" height=\"576\" data-id=\"31328\" src=\"https:\/\/www.elpolitologoyelpolitico.com.ar\/wp-content\/uploads\/2023\/06\/IMG-20230601-WA0021-1024x576.jpg\" alt=\"\" class=\"wp-image-31328\" srcset=\"https:\/\/www.elpolitologoyelpolitico.com.ar\/wp-content\/uploads\/2023\/06\/IMG-20230601-WA0021-1024x576.jpg 1024w, https:\/\/www.elpolitologoyelpolitico.com.ar\/wp-content\/uploads\/2023\/06\/IMG-20230601-WA0021-300x169.jpg 300w, https:\/\/www.elpolitologoyelpolitico.com.ar\/wp-content\/uploads\/2023\/06\/IMG-20230601-WA0021-768x432.jpg 768w, https:\/\/www.elpolitologoyelpolitico.com.ar\/wp-content\/uploads\/2023\/06\/IMG-20230601-WA0021.jpg 1280w\" sizes=\"(max-width: 1024px) 100vw, 1024px\" \/><\/figure>\n<\/figure>\n<div class=\"fb-background-color\">\n\t\t\t  <div \n\t\t\t  \tclass = \"fb-comments\" \n\t\t\t  \tdata-href = \"https:\/\/www.elpolitologoyelpolitico.com.ar\/wordpress\/2023\/06\/01\/el-servicio-de-castracion-de-mascotas-antirrabicas-y-desparasitacion-sigue-recorriendo-los-barrios\/\"\n\t\t\t  \tdata-numposts = \"10\"\n\t\t\t  \tdata-lazy = \"true\"\n\t\t\t\tdata-colorscheme = \"light\"\n\t\t\t\tdata-order-by = \"social\"\n\t\t\t\tdata-mobile=true>\n\t\t\t  <\/div><\/div>\n\t\t  <style>\n\t\t    .fb-background-color {\n\t\t\t\tbackground: #ffffff !important;\n\t\t\t}\n\t\t\t.fb_iframe_widget_fluid_desktop iframe {\n\t\t\t    width: 100% !important;\n\t\t\t}\n\t\t  <\/style>\n\t\t  ","protected":false},"excerpt":{"rendered":"<p>Con una muy positiva respuesta por parte de la comunidad, el \u00e1rea de Zoonosis, dependiente del \u00e1rea de Coordinaci\u00f3n de Programas Sanitarios de la Secretar\u00eda de Salud, contin\u00faa recorriendo los barrios de la ciudad brindando el servicio gratuito de castraci\u00f3n de mascotas. Seg\u00fan detall\u00f3 la Coordinadora de Programas Sanitarios, Lic. Mabel Guzm\u00e1n, desde el lanzamiento [&hellip;]<\/p>\n","protected":false},"author":4,"featured_media":31326,"comment_status":"closed","ping_status":"closed","sticky":false,"template":"","format":"standard","meta":{"_joinchat":[],"footnotes":""},"categories":[4],"tags":[],"class_list":["post-31325","post","type-post","status-publish","format-standard","has-post-thumbnail","hentry","category-politicas-publicas"],"_links":{"self":[{"href":"https:\/\/www.elpolitologoyelpolitico.com.ar\/wordpress\/wp-json\/wp\/v2\/posts\/31325","targetHints":{"allow":["GET"]}}],"collection":[{"href":"https:\/\/www.elpolitologoyelpolitico.com.ar\/wordpress\/wp-json\/wp\/v2\/posts"}],"about":[{"href":"https:\/\/www.elpolitologoyelpolitico.com.ar\/wordpress\/wp-json\/wp\/v2\/types\/post"}],"author":[{"embeddable":true,"href":"https:\/\/www.elpolitologoyelpolitico.com.ar\/wordpress\/wp-json\/wp\/v2\/users\/4"}],"replies":[{"embeddable":true,"href":"https:\/\/www.elpolitologoyelpolitico.com.ar\/wordpress\/wp-json\/wp\/v2\/comments?post=31325"}],"version-history":[{"count":0,"href":"https:\/\/www.elpolitologoyelpolitico.com.ar\/wordpress\/wp-json\/wp\/v2\/posts\/31325\/revisions"}],"wp:featuredmedia":[{"embeddable":true,"href":"https:\/\/www.elpolitologoyelpolitico.com.ar\/wordpress\/wp-json\/wp\/v2\/media\/31326"}],"wp:attachment":[{"href":"https:\/\/www.elpolitologoyelpolitico.com.ar\/wordpress\/wp-json\/wp\/v2\/media?parent=31325"}],"wp:term":[{"taxonomy":"category","embeddable":true,"href":"https:\/\/www.elpolitologoyelpolitico.com.ar\/wordpress\/wp-json\/wp\/v2\/categories?post=31325"},{"taxonomy":"post_tag","embeddable":true,"href":"https:\/\/www.elpolitologoyelpolitico.com.ar\/wordpress\/wp-json\/wp\/v2\/tags?post=31325"}],"curies":[{"name":"wp","href":"https:\/\/api.w.org\/{rel}","templated":true}]}}