{"id":31319,"date":"2023-06-01T15:02:22","date_gmt":"2023-06-01T15:02:22","guid":{"rendered":"https:\/\/www.elpolitologoyelpolitico.com.ar\/wordpress\/?p=31319"},"modified":"2023-06-01T15:02:24","modified_gmt":"2023-06-01T15:02:24","slug":"exitosa-jornada-por-el-dia-mundial-sin-tabaco","status":"publish","type":"post","link":"https:\/\/www.elpolitologoyelpolitico.com.ar\/wordpress\/2023\/06\/01\/exitosa-jornada-por-el-dia-mundial-sin-tabaco\/","title":{"rendered":"Exitosa jornada por el D\u00eda Mundial sin tabaco"},"content":{"rendered":"\n<p>El Centro Municipal de Adicciones, dependiente de la Secretar\u00eda de Desarrollo Social, en articulaci\u00f3n con el Centro de Formaci\u00f3n Profesional N\u00b01 y la Secretar\u00eda de Salud, a trav\u00e9s del \u00e1rea de Coordinaci\u00f3n de Programas Sanitarios, realizaron este mi\u00e9rcoles una exitosa jornada por el \u00abD\u00eda Mundial Sin Tabaco\u00bb.<\/p>\n\n\n\n<p>La concentraci\u00f3n de las m\u00faltiples propuestas fue en la plaza \u00ab7 de Marzo\u00bb, frente al palacio municipal, desde las 10 de la ma\u00f1ana hasta pasado el mediod\u00eda.<\/p>\n\n\n\n<p>Desde el Centro Municipal de Adicciones -CMA- entregaron plantines y frutas a cambio de un cigarrillo y entregaron informaci\u00f3n preventiva junto al CFI N\u00b01.<\/p>\n\n\n\n<p>Al lugar, llegaron vecinos, j\u00f3venes y representantes del Concejo Deliberante, que hicieron entrega a los organizadores del documento que declar\u00f3 de Importancia Municipal el evento.<\/p>\n\n\n\n<p>Asimismo, la Secretar\u00eda de Salud, mediante el personal del \u00e1rea de Coordinaci\u00f3n de Programas Sanitarios, difundi\u00f3 los alcances de su programa de Cesaci\u00f3n Tab\u00e1quica y ofreci\u00f3 -dentro de una globa- controles gratuitos de glucemia, tensi\u00f3n arterial y la valoraci\u00f3n de un medidor de di\u00f3xido de carbono.<\/p>\n\n\n\n<p>Paralelamente, el personal destin\u00f3 un espacio de concientizaci\u00f3n y consejer\u00eda sobre las consecuencias, especialmente pulmonares y respiratorios que provoca el tabaquismo y la importancia de los controles integrales, especialmente sobre miembros inferiores y cardi\u00f3logicos.<\/p>\n\n\n\n<p>En ese marco, se promocion\u00f3 el programa \u00abMovete Patagones\u00bb, como un complemento para el cuidado de la salud y la prevenci\u00f3n.<\/p>\n\n\n\n<p>Del mismo modo, se difundi\u00f3 la medida que establece al municipio con espacios \u00abLibres de humo\u00bb.<\/p>\n\n\n\n<p>A la jornada se sum\u00f3 la Direcci\u00f3n de Deportes, que ofreci\u00f3 una caminata y una clase de Streching.<\/p>\n\n\n\n<p>Adem\u00e1s, la Direcci\u00f3n de Protocolo se ocup\u00f3 de la iluminaci\u00f3n del Palacio Municipal de color verde durante toda la semana, en aluci\u00f3n a la fecha.<\/p>\n\n\n\n<figure class=\"wp-block-gallery has-nested-images columns-default is-cropped wp-block-gallery-1 is-layout-flex wp-block-gallery-is-layout-flex\">\n<figure class=\"wp-block-image size-large\"><img fetchpriority=\"high\" decoding=\"async\" width=\"1024\" height=\"683\" data-id=\"31321\" src=\"https:\/\/www.elpolitologoyelpolitico.com.ar\/wp-content\/uploads\/2023\/06\/IMG-20230601-WA0001-1024x683.jpg\" alt=\"\" class=\"wp-image-31321\" srcset=\"https:\/\/www.elpolitologoyelpolitico.com.ar\/wp-content\/uploads\/2023\/06\/IMG-20230601-WA0001-1024x683.jpg 1024w, https:\/\/www.elpolitologoyelpolitico.com.ar\/wp-content\/uploads\/2023\/06\/IMG-20230601-WA0001-300x200.jpg 300w, https:\/\/www.elpolitologoyelpolitico.com.ar\/wp-content\/uploads\/2023\/06\/IMG-20230601-WA0001-768x512.jpg 768w, https:\/\/www.elpolitologoyelpolitico.com.ar\/wp-content\/uploads\/2023\/06\/IMG-20230601-WA0001-1536x1024.jpg 1536w, https:\/\/www.elpolitologoyelpolitico.com.ar\/wp-content\/uploads\/2023\/06\/IMG-20230601-WA0001.jpg 1599w\" sizes=\"(max-width: 1024px) 100vw, 1024px\" \/><\/figure>\n\n\n\n<figure class=\"wp-block-image size-large\"><img decoding=\"async\" width=\"768\" height=\"1024\" data-id=\"31322\" src=\"https:\/\/www.elpolitologoyelpolitico.com.ar\/wp-content\/uploads\/2023\/06\/IMG-20230601-WA0005-768x1024.jpg\" alt=\"\" class=\"wp-image-31322\" srcset=\"https:\/\/www.elpolitologoyelpolitico.com.ar\/wp-content\/uploads\/2023\/06\/IMG-20230601-WA0005-768x1024.jpg 768w, https:\/\/www.elpolitologoyelpolitico.com.ar\/wp-content\/uploads\/2023\/06\/IMG-20230601-WA0005-225x300.jpg 225w, https:\/\/www.elpolitologoyelpolitico.com.ar\/wp-content\/uploads\/2023\/06\/IMG-20230601-WA0005.jpg 960w\" sizes=\"(max-width: 768px) 100vw, 768px\" \/><\/figure>\n\n\n\n<figure class=\"wp-block-image size-large\"><img decoding=\"async\" width=\"1024\" height=\"770\" data-id=\"31323\" src=\"https:\/\/www.elpolitologoyelpolitico.com.ar\/wp-content\/uploads\/2023\/06\/IMG-20230601-WA0003-1024x770.jpg\" alt=\"\" class=\"wp-image-31323\" srcset=\"https:\/\/www.elpolitologoyelpolitico.com.ar\/wp-content\/uploads\/2023\/06\/IMG-20230601-WA0003-1024x770.jpg 1024w, https:\/\/www.elpolitologoyelpolitico.com.ar\/wp-content\/uploads\/2023\/06\/IMG-20230601-WA0003-300x226.jpg 300w, https:\/\/www.elpolitologoyelpolitico.com.ar\/wp-content\/uploads\/2023\/06\/IMG-20230601-WA0003-768x578.jpg 768w, https:\/\/www.elpolitologoyelpolitico.com.ar\/wp-content\/uploads\/2023\/06\/IMG-20230601-WA0003.jpg 1280w\" sizes=\"(max-width: 1024px) 100vw, 1024px\" \/><\/figure>\n<\/figure>\n<div class=\"fb-background-color\">\n\t\t\t  <div \n\t\t\t  \tclass = \"fb-comments\" \n\t\t\t  \tdata-href = \"https:\/\/www.elpolitologoyelpolitico.com.ar\/wordpress\/2023\/06\/01\/exitosa-jornada-por-el-dia-mundial-sin-tabaco\/\"\n\t\t\t  \tdata-numposts = \"10\"\n\t\t\t  \tdata-lazy = \"true\"\n\t\t\t\tdata-colorscheme = \"light\"\n\t\t\t\tdata-order-by = \"social\"\n\t\t\t\tdata-mobile=true>\n\t\t\t  <\/div><\/div>\n\t\t  <style>\n\t\t    .fb-background-color {\n\t\t\t\tbackground: #ffffff !important;\n\t\t\t}\n\t\t\t.fb_iframe_widget_fluid_desktop iframe {\n\t\t\t    width: 100% !important;\n\t\t\t}\n\t\t  <\/style>\n\t\t  ","protected":false},"excerpt":{"rendered":"<p>El Centro Municipal de Adicciones, dependiente de la Secretar\u00eda de Desarrollo Social, en articulaci\u00f3n con el Centro de Formaci\u00f3n Profesional N\u00b01 y la Secretar\u00eda de Salud, a trav\u00e9s del \u00e1rea de Coordinaci\u00f3n de Programas Sanitarios, realizaron este mi\u00e9rcoles una exitosa jornada por el \u00abD\u00eda Mundial Sin Tabaco\u00bb. La concentraci\u00f3n de las m\u00faltiples propuestas fue en [&hellip;]<\/p>\n","protected":false},"author":4,"featured_media":31320,"comment_status":"closed","ping_status":"closed","sticky":false,"template":"","format":"standard","meta":{"_joinchat":[],"footnotes":""},"categories":[39],"tags":[],"class_list":["post-31319","post","type-post","status-publish","format-standard","has-post-thumbnail","hentry","category-en-esta-seccion"],"_links":{"self":[{"href":"https:\/\/www.elpolitologoyelpolitico.com.ar\/wordpress\/wp-json\/wp\/v2\/posts\/31319","targetHints":{"allow":["GET"]}}],"collection":[{"href":"https:\/\/www.elpolitologoyelpolitico.com.ar\/wordpress\/wp-json\/wp\/v2\/posts"}],"about":[{"href":"https:\/\/www.elpolitologoyelpolitico.com.ar\/wordpress\/wp-json\/wp\/v2\/types\/post"}],"author":[{"embeddable":true,"href":"https:\/\/www.elpolitologoyelpolitico.com.ar\/wordpress\/wp-json\/wp\/v2\/users\/4"}],"replies":[{"embeddable":true,"href":"https:\/\/www.elpolitologoyelpolitico.com.ar\/wordpress\/wp-json\/wp\/v2\/comments?post=31319"}],"version-history":[{"count":0,"href":"https:\/\/www.elpolitologoyelpolitico.com.ar\/wordpress\/wp-json\/wp\/v2\/posts\/31319\/revisions"}],"wp:featuredmedia":[{"embeddable":true,"href":"https:\/\/www.elpolitologoyelpolitico.com.ar\/wordpress\/wp-json\/wp\/v2\/media\/31320"}],"wp:attachment":[{"href":"https:\/\/www.elpolitologoyelpolitico.com.ar\/wordpress\/wp-json\/wp\/v2\/media?parent=31319"}],"wp:term":[{"taxonomy":"category","embeddable":true,"href":"https:\/\/www.elpolitologoyelpolitico.com.ar\/wordpress\/wp-json\/wp\/v2\/categories?post=31319"},{"taxonomy":"post_tag","embeddable":true,"href":"https:\/\/www.elpolitologoyelpolitico.com.ar\/wordpress\/wp-json\/wp\/v2\/tags?post=31319"}],"curies":[{"name":"wp","href":"https:\/\/api.w.org\/{rel}","templated":true}]}}