{"id":31310,"date":"2023-06-01T01:55:02","date_gmt":"2023-06-01T01:55:02","guid":{"rendered":"https:\/\/www.elpolitologoyelpolitico.com.ar\/wordpress\/?p=31310"},"modified":"2023-06-01T01:55:04","modified_gmt":"2023-06-01T01:55:04","slug":"carreras-destaco-el-avance-de-la-nueva-subcomisaria-de-barrio-nuevo-en-roca","status":"publish","type":"post","link":"https:\/\/www.elpolitologoyelpolitico.com.ar\/wordpress\/2023\/06\/01\/carreras-destaco-el-avance-de-la-nueva-subcomisaria-de-barrio-nuevo-en-roca\/","title":{"rendered":"Carreras destac\u00f3 el avance de la nueva Subcomisar\u00eda de barrio Nuevo en Roca"},"content":{"rendered":"\n<p>La Gobernadora Arabela Carreras encabez\u00f3 la recorrida por la obra de la nueva Subcomisar\u00eda 69 del barrio Nuevo de General Roca, que tiene un importante avance.<\/p>\n\n\n\n<p>Esta nueva dependencia viene a dar respuesta a un pedido recurrente de las familias de esa zona, quienes planteaban la necesidad de reforzar la seguridad con mayor presencia de la fuerza policial.<\/p>\n\n\n\n<p>En la recorrida, acompa\u00f1aron a la Gobernadora, la Intendenta Mar\u00eda Emilia Soria; la Ministra de Seguridad y Justicia, Betiana Minor; el secretario General, Mariano Ferrari; la Interventora del Instituto de Planificaci\u00f3n y Promoci\u00f3n de la Vivienda de R\u00edo Negro (IPPV), In\u00e9s P\u00e9rez Raventos y autoridades policiales.<\/p>\n\n\n\n<p>El inmueble -ubicado en An\u00edbal Troilo al 4000- fue cedido por IPPV para ese fin. La unidad brindar\u00e1 servicios de seguridad y protecci\u00f3n a la comunidad, contribuir\u00e1 a fortalecer la presencia policial en la zona y mejorar\u00e1 la atenci\u00f3n a los vecinos y vecinas.<\/p>\n\n\n\n<figure class=\"wp-block-image size-large\"><img fetchpriority=\"high\" decoding=\"async\" width=\"1024\" height=\"682\" src=\"https:\/\/www.elpolitologoyelpolitico.com.ar\/wp-content\/uploads\/2023\/06\/IMG-20230531-WA0043-1024x682.jpg\" alt=\"\" class=\"wp-image-31312\" srcset=\"https:\/\/www.elpolitologoyelpolitico.com.ar\/wp-content\/uploads\/2023\/06\/IMG-20230531-WA0043-1024x682.jpg 1024w, https:\/\/www.elpolitologoyelpolitico.com.ar\/wp-content\/uploads\/2023\/06\/IMG-20230531-WA0043-300x200.jpg 300w, https:\/\/www.elpolitologoyelpolitico.com.ar\/wp-content\/uploads\/2023\/06\/IMG-20230531-WA0043-768x512.jpg 768w, https:\/\/www.elpolitologoyelpolitico.com.ar\/wp-content\/uploads\/2023\/06\/IMG-20230531-WA0043.jpg 1280w\" sizes=\"(max-width: 1024px) 100vw, 1024px\" \/><\/figure>\n<div class=\"fb-background-color\">\n\t\t\t  <div \n\t\t\t  \tclass = \"fb-comments\" \n\t\t\t  \tdata-href = \"https:\/\/www.elpolitologoyelpolitico.com.ar\/wordpress\/2023\/06\/01\/carreras-destaco-el-avance-de-la-nueva-subcomisaria-de-barrio-nuevo-en-roca\/\"\n\t\t\t  \tdata-numposts = \"10\"\n\t\t\t  \tdata-lazy = \"true\"\n\t\t\t\tdata-colorscheme = \"light\"\n\t\t\t\tdata-order-by = \"social\"\n\t\t\t\tdata-mobile=true>\n\t\t\t  <\/div><\/div>\n\t\t  <style>\n\t\t    .fb-background-color {\n\t\t\t\tbackground: #ffffff !important;\n\t\t\t}\n\t\t\t.fb_iframe_widget_fluid_desktop iframe {\n\t\t\t    width: 100% !important;\n\t\t\t}\n\t\t  <\/style>\n\t\t  ","protected":false},"excerpt":{"rendered":"<p>La Gobernadora Arabela Carreras encabez\u00f3 la recorrida por la obra de la nueva Subcomisar\u00eda 69 del barrio Nuevo de General Roca, que tiene un importante avance. Esta nueva dependencia viene a dar respuesta a un pedido recurrente de las familias de esa zona, quienes planteaban la necesidad de reforzar la seguridad con mayor presencia de [&hellip;]<\/p>\n","protected":false},"author":4,"featured_media":31311,"comment_status":"closed","ping_status":"closed","sticky":false,"template":"","format":"standard","meta":{"_joinchat":[],"footnotes":""},"categories":[39],"tags":[],"class_list":["post-31310","post","type-post","status-publish","format-standard","has-post-thumbnail","hentry","category-en-esta-seccion"],"_links":{"self":[{"href":"https:\/\/www.elpolitologoyelpolitico.com.ar\/wordpress\/wp-json\/wp\/v2\/posts\/31310","targetHints":{"allow":["GET"]}}],"collection":[{"href":"https:\/\/www.elpolitologoyelpolitico.com.ar\/wordpress\/wp-json\/wp\/v2\/posts"}],"about":[{"href":"https:\/\/www.elpolitologoyelpolitico.com.ar\/wordpress\/wp-json\/wp\/v2\/types\/post"}],"author":[{"embeddable":true,"href":"https:\/\/www.elpolitologoyelpolitico.com.ar\/wordpress\/wp-json\/wp\/v2\/users\/4"}],"replies":[{"embeddable":true,"href":"https:\/\/www.elpolitologoyelpolitico.com.ar\/wordpress\/wp-json\/wp\/v2\/comments?post=31310"}],"version-history":[{"count":0,"href":"https:\/\/www.elpolitologoyelpolitico.com.ar\/wordpress\/wp-json\/wp\/v2\/posts\/31310\/revisions"}],"wp:featuredmedia":[{"embeddable":true,"href":"https:\/\/www.elpolitologoyelpolitico.com.ar\/wordpress\/wp-json\/wp\/v2\/media\/31311"}],"wp:attachment":[{"href":"https:\/\/www.elpolitologoyelpolitico.com.ar\/wordpress\/wp-json\/wp\/v2\/media?parent=31310"}],"wp:term":[{"taxonomy":"category","embeddable":true,"href":"https:\/\/www.elpolitologoyelpolitico.com.ar\/wordpress\/wp-json\/wp\/v2\/categories?post=31310"},{"taxonomy":"post_tag","embeddable":true,"href":"https:\/\/www.elpolitologoyelpolitico.com.ar\/wordpress\/wp-json\/wp\/v2\/tags?post=31310"}],"curies":[{"name":"wp","href":"https:\/\/api.w.org\/{rel}","templated":true}]}}