{"id":31307,"date":"2023-05-31T23:35:09","date_gmt":"2023-05-31T23:35:09","guid":{"rendered":"https:\/\/www.elpolitologoyelpolitico.com.ar\/wordpress\/?p=31307"},"modified":"2023-05-31T23:35:11","modified_gmt":"2023-05-31T23:35:11","slug":"el-taller-de-canto-colectivo-visito-la-escuela-infantil-de-nazareth-en-el-30-de-marzo","status":"publish","type":"post","link":"https:\/\/www.elpolitologoyelpolitico.com.ar\/wordpress\/2023\/05\/31\/el-taller-de-canto-colectivo-visito-la-escuela-infantil-de-nazareth-en-el-30-de-marzo\/","title":{"rendered":"EL TALLER DE CANTO COLECTIVO VISIT\u00d3 LA ESCUELA INFANTIL DE NAZARETH EN EL 30 DE MARZO"},"content":{"rendered":"\n<p>En el marco de los festejos por el d\u00eda de los jardines, el taller de Canto Colectivo Municipal particip\u00f3 en la Escuela Infantil de Nazareth, ubicada en el barrio 30 de marzo.<\/p>\n\n\n\n<p>Durante la jornada compartieron un concierto did\u00e1ctico donde jugaron con la m\u00fasica ni\u00f1os\/as y grandes.<\/p>\n<div class=\"fb-background-color\">\n\t\t\t  <div \n\t\t\t  \tclass = \"fb-comments\" \n\t\t\t  \tdata-href = \"https:\/\/www.elpolitologoyelpolitico.com.ar\/wordpress\/2023\/05\/31\/el-taller-de-canto-colectivo-visito-la-escuela-infantil-de-nazareth-en-el-30-de-marzo\/\"\n\t\t\t  \tdata-numposts = \"10\"\n\t\t\t  \tdata-lazy = \"true\"\n\t\t\t\tdata-colorscheme = \"light\"\n\t\t\t\tdata-order-by = \"social\"\n\t\t\t\tdata-mobile=true>\n\t\t\t  <\/div><\/div>\n\t\t  <style>\n\t\t    .fb-background-color {\n\t\t\t\tbackground: #ffffff !important;\n\t\t\t}\n\t\t\t.fb_iframe_widget_fluid_desktop iframe {\n\t\t\t    width: 100% !important;\n\t\t\t}\n\t\t  <\/style>\n\t\t  ","protected":false},"excerpt":{"rendered":"<p>En el marco de los festejos por el d\u00eda de los jardines, el taller de Canto Colectivo Municipal particip\u00f3 en la Escuela Infantil de Nazareth, ubicada en el barrio 30 de marzo. Durante la jornada compartieron un concierto did\u00e1ctico donde jugaron con la m\u00fasica ni\u00f1os\/as y grandes.<\/p>\n","protected":false},"author":4,"featured_media":31308,"comment_status":"closed","ping_status":"closed","sticky":false,"template":"","format":"standard","meta":{"_joinchat":[],"footnotes":""},"categories":[39],"tags":[],"class_list":["post-31307","post","type-post","status-publish","format-standard","has-post-thumbnail","hentry","category-en-esta-seccion"],"_links":{"self":[{"href":"https:\/\/www.elpolitologoyelpolitico.com.ar\/wordpress\/wp-json\/wp\/v2\/posts\/31307","targetHints":{"allow":["GET"]}}],"collection":[{"href":"https:\/\/www.elpolitologoyelpolitico.com.ar\/wordpress\/wp-json\/wp\/v2\/posts"}],"about":[{"href":"https:\/\/www.elpolitologoyelpolitico.com.ar\/wordpress\/wp-json\/wp\/v2\/types\/post"}],"author":[{"embeddable":true,"href":"https:\/\/www.elpolitologoyelpolitico.com.ar\/wordpress\/wp-json\/wp\/v2\/users\/4"}],"replies":[{"embeddable":true,"href":"https:\/\/www.elpolitologoyelpolitico.com.ar\/wordpress\/wp-json\/wp\/v2\/comments?post=31307"}],"version-history":[{"count":0,"href":"https:\/\/www.elpolitologoyelpolitico.com.ar\/wordpress\/wp-json\/wp\/v2\/posts\/31307\/revisions"}],"wp:featuredmedia":[{"embeddable":true,"href":"https:\/\/www.elpolitologoyelpolitico.com.ar\/wordpress\/wp-json\/wp\/v2\/media\/31308"}],"wp:attachment":[{"href":"https:\/\/www.elpolitologoyelpolitico.com.ar\/wordpress\/wp-json\/wp\/v2\/media?parent=31307"}],"wp:term":[{"taxonomy":"category","embeddable":true,"href":"https:\/\/www.elpolitologoyelpolitico.com.ar\/wordpress\/wp-json\/wp\/v2\/categories?post=31307"},{"taxonomy":"post_tag","embeddable":true,"href":"https:\/\/www.elpolitologoyelpolitico.com.ar\/wordpress\/wp-json\/wp\/v2\/tags?post=31307"}],"curies":[{"name":"wp","href":"https:\/\/api.w.org\/{rel}","templated":true}]}}