{"id":31302,"date":"2023-05-31T23:24:05","date_gmt":"2023-05-31T23:24:05","guid":{"rendered":"https:\/\/www.elpolitologoyelpolitico.com.ar\/wordpress\/?p=31302"},"modified":"2023-05-31T23:24:07","modified_gmt":"2023-05-31T23:24:07","slug":"primer-concurso-para-cubrir-cargos-de-administracion-en-el-area-de-salud","status":"publish","type":"post","link":"https:\/\/www.elpolitologoyelpolitico.com.ar\/wordpress\/2023\/05\/31\/primer-concurso-para-cubrir-cargos-de-administracion-en-el-area-de-salud\/","title":{"rendered":"Primer concurso para cubrir cargos de administraci\u00f3n en el \u00e1rea de Salud"},"content":{"rendered":"\n<p>La Secretar\u00eda de Salud destac\u00f3 la realizaci\u00f3n del primer concurso para cubrir cargos de jefatura de administraci\u00f3n de distintas \u00e1reas del sistema de Salud del Distrito.<\/p>\n\n\n\n<p>El mismo permiti\u00f3 la cobertura de alrededor del 95% de los cargos, en tanto que el porcentaje restante no tuvo postulantes.<\/p>\n\n\n\n<p>La metodolog\u00eda del concurso incluy\u00f3 la presentaci\u00f3n de proyectos, junto al curr\u00edculum vittae del postulante.<\/p>\n\n\n\n<p>Las \u00e1reas a cubrir fueron: Servicio social, el \u00e1rea financiera que incluy\u00f3 el Departamento de Compras, Liquidaci\u00f3n y Tesorer\u00eda, el \u00e1rea de administraci\u00f3n general y de Programas Sanitarios, consultas externas, ambulatorio e internaci\u00f3n, guardia y recursos humanos. Adem\u00e1s, concursaron la jefatura de administraci\u00f3n en los hospitales de Villalonga y Juan A. Pradere.<\/p>\n\n\n\n<p>\u201cEs la primera vez que se realiza un concurso de administraci\u00f3n en el sistema de salud en el Partido de Patagones, el cual incluy\u00f3 capacitaciones, t\u00edtulos, proyectos, entrevistas, evaluaciones psicol\u00f3gicas, es decir que se evaluaron todas las \u00e1reas\u201d, destac\u00f3 la Subsecretaria de Salud, Dra. M\u00f3nica Mucha.<\/p>\n\n\n\n<p>Del mismo modo, enfatiz\u00f3 que \u201cesto es un paso adelante, le otorga no solo organizaci\u00f3n y una estructura, le da validez al sistema y continuidad porque es un concurso que son a cuatro a\u00f1os, una vez finalizado el plazo se vuelve a concursar, sea para los mismos cargos u otros\u201d.<\/p>\n\n\n\n<p>Finalizado el proceso, el Intendente Municipal, Ing. Jos\u00e9 Luis Zara, mantuvo un encuentro con las autoridades de Salud y se interioriz\u00f3 sobre el desarrollo del concurso, sobre la importancia y desempe\u00f1o de cada una de las \u00e1reas, la asistencia, los cambios que implica la nueva metodolog\u00eda y las implicancias del nuevo sistema que se pondr\u00e1 en marcha en los pr\u00f3ximos d\u00edas.<\/p>\n\n\n\n<figure class=\"wp-block-gallery has-nested-images columns-default is-cropped wp-block-gallery-1 is-layout-flex wp-block-gallery-is-layout-flex\">\n<figure class=\"wp-block-image size-large\"><img fetchpriority=\"high\" decoding=\"async\" width=\"720\" height=\"480\" data-id=\"31304\" src=\"https:\/\/www.elpolitologoyelpolitico.com.ar\/wp-content\/uploads\/2023\/05\/IMG-20230531-WA0040.jpg\" alt=\"\" class=\"wp-image-31304\" srcset=\"https:\/\/www.elpolitologoyelpolitico.com.ar\/wp-content\/uploads\/2023\/05\/IMG-20230531-WA0040.jpg 720w, https:\/\/www.elpolitologoyelpolitico.com.ar\/wp-content\/uploads\/2023\/05\/IMG-20230531-WA0040-300x200.jpg 300w\" sizes=\"(max-width: 720px) 100vw, 720px\" \/><\/figure>\n\n\n\n<figure class=\"wp-block-image size-large\"><img decoding=\"async\" width=\"720\" height=\"480\" data-id=\"31305\" src=\"https:\/\/www.elpolitologoyelpolitico.com.ar\/wp-content\/uploads\/2023\/05\/IMG-20230531-WA0039.jpg\" alt=\"\" class=\"wp-image-31305\" srcset=\"https:\/\/www.elpolitologoyelpolitico.com.ar\/wp-content\/uploads\/2023\/05\/IMG-20230531-WA0039.jpg 720w, https:\/\/www.elpolitologoyelpolitico.com.ar\/wp-content\/uploads\/2023\/05\/IMG-20230531-WA0039-300x200.jpg 300w\" sizes=\"(max-width: 720px) 100vw, 720px\" \/><\/figure>\n<\/figure>\n<div class=\"fb-background-color\">\n\t\t\t  <div \n\t\t\t  \tclass = \"fb-comments\" \n\t\t\t  \tdata-href = \"https:\/\/www.elpolitologoyelpolitico.com.ar\/wordpress\/2023\/05\/31\/primer-concurso-para-cubrir-cargos-de-administracion-en-el-area-de-salud\/\"\n\t\t\t  \tdata-numposts = \"10\"\n\t\t\t  \tdata-lazy = \"true\"\n\t\t\t\tdata-colorscheme = \"light\"\n\t\t\t\tdata-order-by = \"social\"\n\t\t\t\tdata-mobile=true>\n\t\t\t  <\/div><\/div>\n\t\t  <style>\n\t\t    .fb-background-color {\n\t\t\t\tbackground: #ffffff !important;\n\t\t\t}\n\t\t\t.fb_iframe_widget_fluid_desktop iframe {\n\t\t\t    width: 100% !important;\n\t\t\t}\n\t\t  <\/style>\n\t\t  ","protected":false},"excerpt":{"rendered":"<p>La Secretar\u00eda de Salud destac\u00f3 la realizaci\u00f3n del primer concurso para cubrir cargos de jefatura de administraci\u00f3n de distintas \u00e1reas del sistema de Salud del Distrito. El mismo permiti\u00f3 la cobertura de alrededor del 95% de los cargos, en tanto que el porcentaje restante no tuvo postulantes. La metodolog\u00eda del concurso incluy\u00f3 la presentaci\u00f3n de [&hellip;]<\/p>\n","protected":false},"author":4,"featured_media":31303,"comment_status":"closed","ping_status":"closed","sticky":false,"template":"","format":"standard","meta":{"_joinchat":[],"footnotes":""},"categories":[39],"tags":[],"class_list":["post-31302","post","type-post","status-publish","format-standard","has-post-thumbnail","hentry","category-en-esta-seccion"],"_links":{"self":[{"href":"https:\/\/www.elpolitologoyelpolitico.com.ar\/wordpress\/wp-json\/wp\/v2\/posts\/31302","targetHints":{"allow":["GET"]}}],"collection":[{"href":"https:\/\/www.elpolitologoyelpolitico.com.ar\/wordpress\/wp-json\/wp\/v2\/posts"}],"about":[{"href":"https:\/\/www.elpolitologoyelpolitico.com.ar\/wordpress\/wp-json\/wp\/v2\/types\/post"}],"author":[{"embeddable":true,"href":"https:\/\/www.elpolitologoyelpolitico.com.ar\/wordpress\/wp-json\/wp\/v2\/users\/4"}],"replies":[{"embeddable":true,"href":"https:\/\/www.elpolitologoyelpolitico.com.ar\/wordpress\/wp-json\/wp\/v2\/comments?post=31302"}],"version-history":[{"count":0,"href":"https:\/\/www.elpolitologoyelpolitico.com.ar\/wordpress\/wp-json\/wp\/v2\/posts\/31302\/revisions"}],"wp:featuredmedia":[{"embeddable":true,"href":"https:\/\/www.elpolitologoyelpolitico.com.ar\/wordpress\/wp-json\/wp\/v2\/media\/31303"}],"wp:attachment":[{"href":"https:\/\/www.elpolitologoyelpolitico.com.ar\/wordpress\/wp-json\/wp\/v2\/media?parent=31302"}],"wp:term":[{"taxonomy":"category","embeddable":true,"href":"https:\/\/www.elpolitologoyelpolitico.com.ar\/wordpress\/wp-json\/wp\/v2\/categories?post=31302"},{"taxonomy":"post_tag","embeddable":true,"href":"https:\/\/www.elpolitologoyelpolitico.com.ar\/wordpress\/wp-json\/wp\/v2\/tags?post=31302"}],"curies":[{"name":"wp","href":"https:\/\/api.w.org\/{rel}","templated":true}]}}