{"id":31298,"date":"2023-05-31T23:10:20","date_gmt":"2023-05-31T23:10:20","guid":{"rendered":"https:\/\/www.elpolitologoyelpolitico.com.ar\/wordpress\/?p=31298"},"modified":"2023-05-31T23:10:21","modified_gmt":"2023-05-31T23:10:21","slug":"la-provincia-continua-acompanando-a-cooperativas-y-mutuales","status":"publish","type":"post","link":"https:\/\/www.elpolitologoyelpolitico.com.ar\/wordpress\/2023\/05\/31\/la-provincia-continua-acompanando-a-cooperativas-y-mutuales\/","title":{"rendered":"La Provincia contin\u00faa acompa\u00f1ando a Cooperativas y Mutuales"},"content":{"rendered":"\n<p>Autoridades de la Subsecretar\u00eda de Cooperativas y Mutuales contin\u00faan fortaleciendo el trabajo en territorio, en esta oportunidad acompa\u00f1aron a entidades en la 3\u00b0 edici\u00f3n de la Feria Productiva de Ovinos, Caprinos y Bovinos. Adem\u00e1s se busca fomentar la creaci\u00f3n de juventudes cooperativistas en el Alto Valle rionegrino.<\/p>\n\n\n\n<p>En el inicio de las actividades, la directora de la Subsecretar\u00eda, Patricia Rodr\u00edguez S\u00e1bato, acompa\u00f1\u00f3 a la Cooperativa La Amistad de Valcheta en el inicio de la 3\u00b0 Edici\u00f3n de la Feria Productiva de Ovinos, Caprinos y Bovinos: \u201cEs una Cooperativa de gran importancia en la zona, que se desenvuelve muy bien en la aplicaci\u00f3n de principios y valores que desde la Subsecretar\u00eda impulsamos\u201d Patricia Rodr\u00edguez S\u00e1bato.<\/p>\n\n\n\n<p>Adem\u00e1s, agreg\u00f3: \u201cSu trabajo es de tal importancia que re\u00fane a los productores que est\u00e1n muy alejados en parajes y en conjunto venden el producto por medio de licitaciones, logrando cada a\u00f1o mejoras para el sector. Agregado a la incorporaci\u00f3n de j\u00f3venes, productores e hijos de productores que implica asegurar la continuidad de la cooperativa en el tiempo\u201d.<\/p>\n\n\n\n<p>Por su parte, el subsecretario de Cooperativas y Mutuales, H\u00e9ctor Ressel, mantuvo reuniones en Fern\u00e1ndez Oro con las entidades nucleadas en la Federaci\u00f3n Rionegrina.<\/p>\n\n\n\n<p>\u201cSe compartieron las propuestas de nuevas pol\u00edticas p\u00fablicas en materia de fomento a la creaci\u00f3n de juventudes cooperativistas y las acciones de fortalecimiento que desde la provincia se vienen implementando\u201d concluy\u00f3 el funcionario.<\/p>\n\n\n\n<p>Quienes deseen comunicarse con la Subsecretar\u00eda para obtener m\u00e1s informaci\u00f3n, conocer los pasos a seguir para la conformaci\u00f3n de una\u00a0cooperativa, o recibir asesoramiento t\u00e9cnico, pueden hacerlo al correo electr\u00f3nico\u00a0delegacionescym@gmail.com.<\/p>\n\n\n\n<figure class=\"wp-block-image size-large\"><img fetchpriority=\"high\" decoding=\"async\" width=\"1024\" height=\"768\" src=\"https:\/\/www.elpolitologoyelpolitico.com.ar\/wp-content\/uploads\/2023\/05\/IMG-20230531-WA0036-1024x768.jpg\" alt=\"\" class=\"wp-image-31300\" srcset=\"https:\/\/www.elpolitologoyelpolitico.com.ar\/wp-content\/uploads\/2023\/05\/IMG-20230531-WA0036-1024x768.jpg 1024w, https:\/\/www.elpolitologoyelpolitico.com.ar\/wp-content\/uploads\/2023\/05\/IMG-20230531-WA0036-300x225.jpg 300w, https:\/\/www.elpolitologoyelpolitico.com.ar\/wp-content\/uploads\/2023\/05\/IMG-20230531-WA0036-768x576.jpg 768w, https:\/\/www.elpolitologoyelpolitico.com.ar\/wp-content\/uploads\/2023\/05\/IMG-20230531-WA0036.jpg 1280w\" sizes=\"(max-width: 1024px) 100vw, 1024px\" \/><\/figure>\n<div class=\"fb-background-color\">\n\t\t\t  <div \n\t\t\t  \tclass = \"fb-comments\" \n\t\t\t  \tdata-href = \"https:\/\/www.elpolitologoyelpolitico.com.ar\/wordpress\/2023\/05\/31\/la-provincia-continua-acompanando-a-cooperativas-y-mutuales\/\"\n\t\t\t  \tdata-numposts = \"10\"\n\t\t\t  \tdata-lazy = \"true\"\n\t\t\t\tdata-colorscheme = \"light\"\n\t\t\t\tdata-order-by = \"social\"\n\t\t\t\tdata-mobile=true>\n\t\t\t  <\/div><\/div>\n\t\t  <style>\n\t\t    .fb-background-color {\n\t\t\t\tbackground: #ffffff !important;\n\t\t\t}\n\t\t\t.fb_iframe_widget_fluid_desktop iframe {\n\t\t\t    width: 100% !important;\n\t\t\t}\n\t\t  <\/style>\n\t\t  ","protected":false},"excerpt":{"rendered":"<p>Autoridades de la Subsecretar\u00eda de Cooperativas y Mutuales contin\u00faan fortaleciendo el trabajo en territorio, en esta oportunidad acompa\u00f1aron a entidades en la 3\u00b0 edici\u00f3n de la Feria Productiva de Ovinos, Caprinos y Bovinos. Adem\u00e1s se busca fomentar la creaci\u00f3n de juventudes cooperativistas en el Alto Valle rionegrino. En el inicio de las actividades, la directora [&hellip;]<\/p>\n","protected":false},"author":4,"featured_media":31299,"comment_status":"closed","ping_status":"closed","sticky":false,"template":"","format":"standard","meta":{"_joinchat":[],"footnotes":""},"categories":[4],"tags":[],"class_list":["post-31298","post","type-post","status-publish","format-standard","has-post-thumbnail","hentry","category-politicas-publicas"],"_links":{"self":[{"href":"https:\/\/www.elpolitologoyelpolitico.com.ar\/wordpress\/wp-json\/wp\/v2\/posts\/31298","targetHints":{"allow":["GET"]}}],"collection":[{"href":"https:\/\/www.elpolitologoyelpolitico.com.ar\/wordpress\/wp-json\/wp\/v2\/posts"}],"about":[{"href":"https:\/\/www.elpolitologoyelpolitico.com.ar\/wordpress\/wp-json\/wp\/v2\/types\/post"}],"author":[{"embeddable":true,"href":"https:\/\/www.elpolitologoyelpolitico.com.ar\/wordpress\/wp-json\/wp\/v2\/users\/4"}],"replies":[{"embeddable":true,"href":"https:\/\/www.elpolitologoyelpolitico.com.ar\/wordpress\/wp-json\/wp\/v2\/comments?post=31298"}],"version-history":[{"count":0,"href":"https:\/\/www.elpolitologoyelpolitico.com.ar\/wordpress\/wp-json\/wp\/v2\/posts\/31298\/revisions"}],"wp:featuredmedia":[{"embeddable":true,"href":"https:\/\/www.elpolitologoyelpolitico.com.ar\/wordpress\/wp-json\/wp\/v2\/media\/31299"}],"wp:attachment":[{"href":"https:\/\/www.elpolitologoyelpolitico.com.ar\/wordpress\/wp-json\/wp\/v2\/media?parent=31298"}],"wp:term":[{"taxonomy":"category","embeddable":true,"href":"https:\/\/www.elpolitologoyelpolitico.com.ar\/wordpress\/wp-json\/wp\/v2\/categories?post=31298"},{"taxonomy":"post_tag","embeddable":true,"href":"https:\/\/www.elpolitologoyelpolitico.com.ar\/wordpress\/wp-json\/wp\/v2\/tags?post=31298"}],"curies":[{"name":"wp","href":"https:\/\/api.w.org\/{rel}","templated":true}]}}