{"id":31293,"date":"2023-05-31T22:56:54","date_gmt":"2023-05-31T22:56:54","guid":{"rendered":"https:\/\/www.elpolitologoyelpolitico.com.ar\/wordpress\/?p=31293"},"modified":"2023-05-31T22:56:56","modified_gmt":"2023-05-31T22:56:56","slug":"mas-familias-de-viedma-ya-cuentan-con-su-lote-propio","status":"publish","type":"post","link":"https:\/\/www.elpolitologoyelpolitico.com.ar\/wordpress\/2023\/05\/31\/mas-familias-de-viedma-ya-cuentan-con-su-lote-propio\/","title":{"rendered":"M\u00e1s familias de Viedma ya cuentan con su lote propio"},"content":{"rendered":"\n<p>El intendente Pesatti junto al gabinete municipal realiz\u00f3 la entrega de lotes sociales a dieciocho familias viedmenses correspondientes al Distrito Vecinal Sur y al barrio Carlos Larreguy.<\/p>\n\n\n\n<p>La entrega se realiz\u00f3 en el Centro de Atenci\u00f3n Municipal (CAMu) y cont\u00f3 con la presencia de las vecinas y vecinos adjudicatarios de los terrenos.<\/p>\n\n\n\n<p>\u201cEstamos muy felices de realizar una nueva entrega de lotes sociales, producto de uno de los desaf\u00edos m\u00e1s grandes que tuvo y tiene nuestra gesti\u00f3n: construir una pol\u00edtica p\u00fablica que el propio Municipio lleve adelante y que no quede en manos de particulares\u201d, expres\u00f3 el mandatario.<\/p>\n\n\n\n<p>Pesatti agreg\u00f3 que \u201ces de suma importancia que el gobierno municipal vuelva a tener centralidad en torno a la planificaci\u00f3n urbana para que el crecimiento de la ciudad y de la comunidad sea acorde a las necesidades de estos tiempos\u201d, finaliz\u00f3.<\/p>\n\n\n\n<p>A su vez, el jefe de Gabinete Marcos Castro se\u00f1al\u00f3 que \u201cvislumbramos los resultados de una pol\u00edtica p\u00fablica de acceso a un lote a partir de un Municipio que se hace cargo de la emergencia en h\u00e1bitat\u201d, y agreg\u00f3: \u201cAdoptamos medidas especificas para que las familias de Viedma tengan garantizado un derecho humano esencial como lo es el acceso a la tierra\u00bb.<\/p>\n\n\n\n<p>Castro tambi\u00e9n indic\u00f3 que \u201cel trabajo para que esta pol\u00edtica se concrete es articulado y transversal a todo el Municipio para que con m\u00e1s frecuencia y regularidad podamos entregar m\u00e1s lotes\u201d.<\/p>\n\n\n\n<p>De la entrega de lotes participaron funcionarios del gabinete municipal, la presidenta del Concejo Deliberante, Maricel C\u00e9voli, los legisladores provinciales Marcelo Szczygol, Nancy Andaloro, Nicol\u00e1s Roch\u00e1s y Marcelino Jerez, los concejales Pedro Bichara y Gabriela Bovcon, la presidenta del Tribunal de Cuentas Ana Navarro y el defensor del Pueblo provincial adjunto Alvaro Larreguy.<\/p>\n\n\n\n<p><em>M\u00e1s viedmenses con lote propio<\/em><\/p>\n\n\n\n<p>Claudio, vecino de la ciudad, expres\u00f3: \u00abEstoy viviendo un momento muy feliz por haber obtenido un terreno para comenzar a construir mi casa. Hace m\u00e1s de 7 a\u00f1os que con mi pareja y mi hija estamos esperando este momento y hoy se nos dio\u201d.<\/p>\n\n\n\n<figure class=\"wp-block-gallery has-nested-images columns-default is-cropped wp-block-gallery-1 is-layout-flex wp-block-gallery-is-layout-flex\">\n<figure class=\"wp-block-image size-large\"><img fetchpriority=\"high\" decoding=\"async\" width=\"720\" height=\"480\" data-id=\"31295\" src=\"https:\/\/www.elpolitologoyelpolitico.com.ar\/wp-content\/uploads\/2023\/05\/IMG-20230531-WA0031.jpg\" alt=\"\" class=\"wp-image-31295\" srcset=\"https:\/\/www.elpolitologoyelpolitico.com.ar\/wp-content\/uploads\/2023\/05\/IMG-20230531-WA0031.jpg 720w, https:\/\/www.elpolitologoyelpolitico.com.ar\/wp-content\/uploads\/2023\/05\/IMG-20230531-WA0031-300x200.jpg 300w\" sizes=\"(max-width: 720px) 100vw, 720px\" \/><\/figure>\n\n\n\n<figure class=\"wp-block-image size-large\"><img decoding=\"async\" width=\"720\" height=\"480\" data-id=\"31296\" src=\"https:\/\/www.elpolitologoyelpolitico.com.ar\/wp-content\/uploads\/2023\/05\/IMG-20230531-WA0032.jpg\" alt=\"\" class=\"wp-image-31296\" srcset=\"https:\/\/www.elpolitologoyelpolitico.com.ar\/wp-content\/uploads\/2023\/05\/IMG-20230531-WA0032.jpg 720w, https:\/\/www.elpolitologoyelpolitico.com.ar\/wp-content\/uploads\/2023\/05\/IMG-20230531-WA0032-300x200.jpg 300w\" sizes=\"(max-width: 720px) 100vw, 720px\" \/><\/figure>\n<\/figure>\n<div class=\"fb-background-color\">\n\t\t\t  <div \n\t\t\t  \tclass = \"fb-comments\" \n\t\t\t  \tdata-href = \"https:\/\/www.elpolitologoyelpolitico.com.ar\/wordpress\/2023\/05\/31\/mas-familias-de-viedma-ya-cuentan-con-su-lote-propio\/\"\n\t\t\t  \tdata-numposts = \"10\"\n\t\t\t  \tdata-lazy = \"true\"\n\t\t\t\tdata-colorscheme = \"light\"\n\t\t\t\tdata-order-by = \"social\"\n\t\t\t\tdata-mobile=true>\n\t\t\t  <\/div><\/div>\n\t\t  <style>\n\t\t    .fb-background-color {\n\t\t\t\tbackground: #ffffff !important;\n\t\t\t}\n\t\t\t.fb_iframe_widget_fluid_desktop iframe {\n\t\t\t    width: 100% !important;\n\t\t\t}\n\t\t  <\/style>\n\t\t  ","protected":false},"excerpt":{"rendered":"<p>El intendente Pesatti junto al gabinete municipal realiz\u00f3 la entrega de lotes sociales a dieciocho familias viedmenses correspondientes al Distrito Vecinal Sur y al barrio Carlos Larreguy. La entrega se realiz\u00f3 en el Centro de Atenci\u00f3n Municipal (CAMu) y cont\u00f3 con la presencia de las vecinas y vecinos adjudicatarios de los terrenos. \u201cEstamos muy felices [&hellip;]<\/p>\n","protected":false},"author":4,"featured_media":31294,"comment_status":"closed","ping_status":"closed","sticky":false,"template":"","format":"standard","meta":{"_joinchat":[],"footnotes":""},"categories":[4],"tags":[],"class_list":["post-31293","post","type-post","status-publish","format-standard","has-post-thumbnail","hentry","category-politicas-publicas"],"_links":{"self":[{"href":"https:\/\/www.elpolitologoyelpolitico.com.ar\/wordpress\/wp-json\/wp\/v2\/posts\/31293","targetHints":{"allow":["GET"]}}],"collection":[{"href":"https:\/\/www.elpolitologoyelpolitico.com.ar\/wordpress\/wp-json\/wp\/v2\/posts"}],"about":[{"href":"https:\/\/www.elpolitologoyelpolitico.com.ar\/wordpress\/wp-json\/wp\/v2\/types\/post"}],"author":[{"embeddable":true,"href":"https:\/\/www.elpolitologoyelpolitico.com.ar\/wordpress\/wp-json\/wp\/v2\/users\/4"}],"replies":[{"embeddable":true,"href":"https:\/\/www.elpolitologoyelpolitico.com.ar\/wordpress\/wp-json\/wp\/v2\/comments?post=31293"}],"version-history":[{"count":0,"href":"https:\/\/www.elpolitologoyelpolitico.com.ar\/wordpress\/wp-json\/wp\/v2\/posts\/31293\/revisions"}],"wp:featuredmedia":[{"embeddable":true,"href":"https:\/\/www.elpolitologoyelpolitico.com.ar\/wordpress\/wp-json\/wp\/v2\/media\/31294"}],"wp:attachment":[{"href":"https:\/\/www.elpolitologoyelpolitico.com.ar\/wordpress\/wp-json\/wp\/v2\/media?parent=31293"}],"wp:term":[{"taxonomy":"category","embeddable":true,"href":"https:\/\/www.elpolitologoyelpolitico.com.ar\/wordpress\/wp-json\/wp\/v2\/categories?post=31293"},{"taxonomy":"post_tag","embeddable":true,"href":"https:\/\/www.elpolitologoyelpolitico.com.ar\/wordpress\/wp-json\/wp\/v2\/tags?post=31293"}],"curies":[{"name":"wp","href":"https:\/\/api.w.org\/{rel}","templated":true}]}}