{"id":31273,"date":"2023-05-31T16:01:50","date_gmt":"2023-05-31T16:01:50","guid":{"rendered":"https:\/\/www.elpolitologoyelpolitico.com.ar\/wordpress\/?p=31273"},"modified":"2023-05-31T16:01:52","modified_gmt":"2023-05-31T16:01:52","slug":"patagones-presente-en-importante-jornada-sobre-gestion-democratica-del-habitat","status":"publish","type":"post","link":"https:\/\/www.elpolitologoyelpolitico.com.ar\/wordpress\/2023\/05\/31\/patagones-presente-en-importante-jornada-sobre-gestion-democratica-del-habitat\/","title":{"rendered":"Patagones presente en importante jornada sobre Gesti\u00f3n Democr\u00e1tica del H\u00e1bitat"},"content":{"rendered":"\n<p>Con la participaci\u00f3n de referentes de Patagones, se realiz\u00f3 la jornada \u201c40 a\u00f1os de Democracia &#8211; Gesti\u00f3n Democr\u00e1tica del H\u00e1bitat- El sur bonaerense se junta\u201d, el pasado lunes, 29 de mayo, en el Centro Hist\u00f3rico cultural de la Universidad Nacional del Sur de la ciudad de Bah\u00eda Blanca.<\/p>\n\n\n\n<p>La convocatoria, que reuni\u00f3 a representantes de universidades nacionales de la regi\u00f3n, municipios de la Sexta Secci\u00f3n electoral, movimientos sociales, cooperativas, gremios y actores del h\u00e1bitat, tiene como eje principal promover los consejos locales y la participaci\u00f3n comunitaria en la gesti\u00f3n del h\u00e1bitat y surgi\u00f3 de la Comisi\u00f3n de capacitaciones y difusi\u00f3n del Consejo Provincial de Vivienda y H\u00e1bitat, que busca adem\u00e1s fomentar encuentros regionales previos a la realizaci\u00f3n de un evento general en la ciudad de La Plata a mediados de 2023, donde las organizaciones sociales, universidades, municipios, colegios profesionales motoricen las acciones democratizadoras en torno a los temas que atiende el organismo.<\/p>\n\n\n\n<p>La jornada incluy\u00f3 en su programa diversas tem\u00e1ticas, entre ellas sobre \u201cIntervenciones desde el Estado para promover la participaci\u00f3n y la gesti\u00f3n comunitaria en torno al h\u00e1bitat\u201d, donde uno de los expositores fue el referente del Consejo Municipal de H\u00e1bitat de Patagones, Gerardo S\u00e1nchez, quien comparti\u00f3 los alcances del programa \u201cUn lote, una vivienda\u201d, impulsado en el Distrito por la gesti\u00f3n del Intendente Municipal, Ing. Jos\u00e9 Luis Zara.<\/p>\n\n\n\n<p>Del mismo modo, en la secci\u00f3n \u201cSaberes-acciones en torno a la gesti\u00f3n democr\u00e1tica del h\u00e1bitat\u201d, expuso sobre diversas experiencias de Sindicatos, cooperativas y ONGs en la gesti\u00f3n democr\u00e1tica del h\u00e1bitat, la titular de la CGT de Patagones, Betina P\u00e1ez.<\/p>\n<div class=\"fb-background-color\">\n\t\t\t  <div \n\t\t\t  \tclass = \"fb-comments\" \n\t\t\t  \tdata-href = \"https:\/\/www.elpolitologoyelpolitico.com.ar\/wordpress\/2023\/05\/31\/patagones-presente-en-importante-jornada-sobre-gestion-democratica-del-habitat\/\"\n\t\t\t  \tdata-numposts = \"10\"\n\t\t\t  \tdata-lazy = \"true\"\n\t\t\t\tdata-colorscheme = \"light\"\n\t\t\t\tdata-order-by = \"social\"\n\t\t\t\tdata-mobile=true>\n\t\t\t  <\/div><\/div>\n\t\t  <style>\n\t\t    .fb-background-color {\n\t\t\t\tbackground: #ffffff !important;\n\t\t\t}\n\t\t\t.fb_iframe_widget_fluid_desktop iframe {\n\t\t\t    width: 100% !important;\n\t\t\t}\n\t\t  <\/style>\n\t\t  ","protected":false},"excerpt":{"rendered":"<p>Con la participaci\u00f3n de referentes de Patagones, se realiz\u00f3 la jornada \u201c40 a\u00f1os de Democracia &#8211; Gesti\u00f3n Democr\u00e1tica del H\u00e1bitat- El sur bonaerense se junta\u201d, el pasado lunes, 29 de mayo, en el Centro Hist\u00f3rico cultural de la Universidad Nacional del Sur de la ciudad de Bah\u00eda Blanca. La convocatoria, que reuni\u00f3 a representantes de [&hellip;]<\/p>\n","protected":false},"author":4,"featured_media":31274,"comment_status":"closed","ping_status":"closed","sticky":false,"template":"","format":"standard","meta":{"_joinchat":[],"footnotes":""},"categories":[4],"tags":[],"class_list":["post-31273","post","type-post","status-publish","format-standard","has-post-thumbnail","hentry","category-politicas-publicas"],"_links":{"self":[{"href":"https:\/\/www.elpolitologoyelpolitico.com.ar\/wordpress\/wp-json\/wp\/v2\/posts\/31273","targetHints":{"allow":["GET"]}}],"collection":[{"href":"https:\/\/www.elpolitologoyelpolitico.com.ar\/wordpress\/wp-json\/wp\/v2\/posts"}],"about":[{"href":"https:\/\/www.elpolitologoyelpolitico.com.ar\/wordpress\/wp-json\/wp\/v2\/types\/post"}],"author":[{"embeddable":true,"href":"https:\/\/www.elpolitologoyelpolitico.com.ar\/wordpress\/wp-json\/wp\/v2\/users\/4"}],"replies":[{"embeddable":true,"href":"https:\/\/www.elpolitologoyelpolitico.com.ar\/wordpress\/wp-json\/wp\/v2\/comments?post=31273"}],"version-history":[{"count":0,"href":"https:\/\/www.elpolitologoyelpolitico.com.ar\/wordpress\/wp-json\/wp\/v2\/posts\/31273\/revisions"}],"wp:featuredmedia":[{"embeddable":true,"href":"https:\/\/www.elpolitologoyelpolitico.com.ar\/wordpress\/wp-json\/wp\/v2\/media\/31274"}],"wp:attachment":[{"href":"https:\/\/www.elpolitologoyelpolitico.com.ar\/wordpress\/wp-json\/wp\/v2\/media?parent=31273"}],"wp:term":[{"taxonomy":"category","embeddable":true,"href":"https:\/\/www.elpolitologoyelpolitico.com.ar\/wordpress\/wp-json\/wp\/v2\/categories?post=31273"},{"taxonomy":"post_tag","embeddable":true,"href":"https:\/\/www.elpolitologoyelpolitico.com.ar\/wordpress\/wp-json\/wp\/v2\/tags?post=31273"}],"curies":[{"name":"wp","href":"https:\/\/api.w.org\/{rel}","templated":true}]}}