{"id":31262,"date":"2023-05-31T02:22:15","date_gmt":"2023-05-31T02:22:15","guid":{"rendered":"https:\/\/www.elpolitologoyelpolitico.com.ar\/wordpress\/?p=31262"},"modified":"2023-05-31T02:22:17","modified_gmt":"2023-05-31T02:22:17","slug":"proyecto-de-ley-del-hidrogeno-verde-es-un-paso-fundacional-hacia-el-futuro","status":"publish","type":"post","link":"https:\/\/www.elpolitologoyelpolitico.com.ar\/wordpress\/2023\/05\/31\/proyecto-de-ley-del-hidrogeno-verde-es-un-paso-fundacional-hacia-el-futuro\/","title":{"rendered":"PROYECTO DE LEY DEL HIDR\u00d3GENO VERDE: \u201cES UN PASO FUNDACIONAL HACIA EL FUTURO\u201d"},"content":{"rendered":"\n<p>Las legisladoras del Frente de Todos, Mar\u00eda Eugenia Martini y Daniela Salzotto expresaron satisfacci\u00f3n al conocerse este lunes el env\u00edo a la C\u00e1mara de Diputados del proyecto de ley que regula la producci\u00f3n de \u201chidr\u00f3geno verde\u201d en el pa\u00eds.<\/p>\n\n\n\n<p>\u201cEs la pieza que faltaba para completar lo que signific\u00f3 para R\u00edo Negro una tarea profunda, primero de conocimiento sobre una materia nueva para la mayor\u00eda de nosotros, pero tambi\u00e9n de un dise\u00f1o normativo para la provincia, para el desarrollo social y a la vez, en salvaguarda de los bienes p\u00fablicos naturales rionegrinos\u201d, resumi\u00f3 la presidenta del bloque del Frente de Todos, Mar\u00eda Eugenia Martini quien record\u00f3 que \u201cse cumplen ahora 20 a\u00f1os de la sanci\u00f3n de la Ley 3796 que declar\u00f3 de inter\u00e9s p\u00fablico el desarrollo de la tecnolog\u00eda para el uso del hidr\u00f3geno como combustible en la provincia\u201d.<\/p>\n\n\n\n<p>\u201cEse inter\u00e9s y la inversi\u00f3n en la producci\u00f3n de energ\u00edas alternativas a los combustibles f\u00f3siles no son algo que haya interesado reci\u00e9n ahora, pero s\u00ed fue este Gobierno provincial el que logr\u00f3 dar un paso important\u00edsimo del que desde la Legislatura hemos formado parte\u201d, se\u00f1al\u00f3 Martini.<\/p>\n\n\n\n<p>En ese mismo sentido, la legisladora e intendenta electa de Catriel, Daniela Salzotto, destac\u00f3 la decisi\u00f3n del Gobierno nacional de avanzar en la investigaci\u00f3n, promoci\u00f3n y desarrollo de las energ\u00edas alternativas en el pa\u00eds con \u201cpol\u00edticas de Estado producto de una mirada estrat\u00e9gica hacia el futuro, hoy resultado de la convicci\u00f3n y el compromiso puestos desde la secretar\u00eda de Energ\u00eda encabezada por Flavia Royon\u201d,<\/p>\n\n\n\n<p>\u201cFueron acciones impulsadas en el marco del plan de desarrollo de energ\u00edas renovables que se lanz\u00f3 durante el Gobierno de Cristina Kirchner\u201d, record\u00f3 Martini.<\/p>\n\n\n\n<p>En agosto de 2021 la gobernadora Arabela Carreras firm\u00f3 un acuerdo marco para la investigaci\u00f3n y producci\u00f3n de Hidr\u00f3geno Verde con el entonces ministro de Desarrollo Productivo de la Naci\u00f3n, Mat\u00edas Kulfas, y Agustin Pichot, representante de la empresa australiana Fortescue.<\/p>\n\n\n\n<p>La firma por su parte present\u00f3 un proyecto de \u201cIniciativa Privada\u201d, que la Legislatura provincial aprob\u00f3 en abril de 2022 en el marco de la Ley 3484, dando inicio formal a sus actividades.<\/p>\n\n\n\n<p>La Ley destacaba entonces el apoyo a las iniciativas \u201cque tiendan a elevar los niveles de eficiencia en la prestaci\u00f3n de servicios p\u00fablicos, generen empleo, beneficien a la econom\u00eda provincial, propendan al desarrollo econ\u00f3mico y social de la comunidad rionegrina y sean considerados de inter\u00e9s provincial a m\u00e9rito de su oportunidad y conveniencia para el Estado provincial\u201d.<\/p>\n\n\n\n<p>Antes, en noviembre de 2021, la empresa Fortescue hab\u00eda anunciado en la Cumbre del Clima en Glasgow, una inversi\u00f3n potencial de 8.400 millones de d\u00f3lares en R\u00edo Negro.<\/p>\n\n\n\n<p>La Gobernadora Carreras firm\u00f3 entonces el Decreto 1433 para la cesi\u00f3n de 625.000 hect\u00e1reas para la creaci\u00f3n de una zona franca en el \u00e1rea de Sierra Grande -sudeste de la provincia de R\u00edo Negro\u2013 para el desarrollo del proyecto de la empresa australiana.<\/p>\n\n\n\n<p>En abril de 2022 la Legislatura aprob\u00f3 la iniciativa de Fortescue. La creaci\u00f3n de la zona franca y del Ente de Promoci\u00f3n y Fiscalizaci\u00f3n, quedando pendiente el dictado de una Ley nacional de Promoci\u00f3n del Hidr\u00f3geno de Bajas Emisiones de Carbono y otros Gases de Efecto Invernadero, que diera el marco definitivo a la producci\u00f3n en el pa\u00eds, algo que finalmente se concret\u00f3 esta semana.<\/p>\n\n\n\n<p>\u201cLa pol\u00edtica y las instituciones tienen tiempos que no siempre coinciden con los que una quisiera\u201d, coincidieron Martini y Salzotto en referencia al proyecto de Ley de hidr\u00f3geno verde girado este lunes por el Ejecutivo nacional al Parlamento. \u201cCuando hablamos de inversiones de miles de millones de d\u00f3lares que en el tiempo significar\u00e1n un cambio de matriz productiva, de generaci\u00f3n de empleo e ingresos de divisas para la provincia, que ya tienen repercusi\u00f3n acad\u00e9mica con la creaci\u00f3n de la diplomatura en hidr\u00f3geno verde en la Universidad de R\u00edo Negro, y la creaci\u00f3n de puestos de trabajo genuino y de calidad, lo que provoca es expectativa y ansiedad para que estos proyectos se concreten\u201d, sostuvo la presidenta de la bancada.<\/p>\n\n\n\n<p>La iniciativa que a partir de ahora se debatir\u00e1 en el Congreso nacional, contempla incentivos fiscales de promoci\u00f3n de la producci\u00f3n de hidr\u00f3geno verde; introducci\u00f3n de certificaciones de calidad, de seguridad y de origen y fomento al desarrollo de la cadena de valor local.<\/p>\n\n\n\n<p>Con el objeto de alentar las inversiones, el proyecto de Ley contempla medidas como la amortizaci\u00f3n acelerada en el impuesto a las ganancias, la devoluci\u00f3n anticipada del IVA y el establecimiento de un r\u00e9gimen de estabilidad fiscal.<\/p>\n\n\n\n<p>El proyecto, impone como meta el \u201cdesarrollo productivo (del hidr\u00f3geno verde) a lo largo de su cadena de valor, fomentando las inversiones y los desarrollos cient\u00edficos y tecnol\u00f3gicos; el cual tendr\u00e1 una vigencia de treinta a\u00f1os contados a partir de la entrada en vigor de la ley\u201d, dice el texto, y crea adem\u00e1s la Agencia Nacional del Hidr\u00f3geno, un organismo descentralizado para la asesor\u00eda t\u00e9cnica y la aplicaci\u00f3n regulatoria.<\/p>\n<div class=\"fb-background-color\">\n\t\t\t  <div \n\t\t\t  \tclass = \"fb-comments\" \n\t\t\t  \tdata-href = \"https:\/\/www.elpolitologoyelpolitico.com.ar\/wordpress\/2023\/05\/31\/proyecto-de-ley-del-hidrogeno-verde-es-un-paso-fundacional-hacia-el-futuro\/\"\n\t\t\t  \tdata-numposts = \"10\"\n\t\t\t  \tdata-lazy = \"true\"\n\t\t\t\tdata-colorscheme = \"light\"\n\t\t\t\tdata-order-by = \"social\"\n\t\t\t\tdata-mobile=true>\n\t\t\t  <\/div><\/div>\n\t\t  <style>\n\t\t    .fb-background-color {\n\t\t\t\tbackground: #ffffff !important;\n\t\t\t}\n\t\t\t.fb_iframe_widget_fluid_desktop iframe {\n\t\t\t    width: 100% !important;\n\t\t\t}\n\t\t  <\/style>\n\t\t  ","protected":false},"excerpt":{"rendered":"<p>Las legisladoras del Frente de Todos, Mar\u00eda Eugenia Martini y Daniela Salzotto expresaron satisfacci\u00f3n al conocerse este lunes el env\u00edo a la C\u00e1mara de Diputados del proyecto de ley que regula la producci\u00f3n de \u201chidr\u00f3geno verde\u201d en el pa\u00eds. \u201cEs la pieza que faltaba para completar lo que signific\u00f3 para R\u00edo Negro una tarea profunda, [&hellip;]<\/p>\n","protected":false},"author":4,"featured_media":31263,"comment_status":"closed","ping_status":"closed","sticky":false,"template":"","format":"standard","meta":{"_joinchat":[],"footnotes":""},"categories":[39],"tags":[],"class_list":["post-31262","post","type-post","status-publish","format-standard","has-post-thumbnail","hentry","category-en-esta-seccion"],"_links":{"self":[{"href":"https:\/\/www.elpolitologoyelpolitico.com.ar\/wordpress\/wp-json\/wp\/v2\/posts\/31262","targetHints":{"allow":["GET"]}}],"collection":[{"href":"https:\/\/www.elpolitologoyelpolitico.com.ar\/wordpress\/wp-json\/wp\/v2\/posts"}],"about":[{"href":"https:\/\/www.elpolitologoyelpolitico.com.ar\/wordpress\/wp-json\/wp\/v2\/types\/post"}],"author":[{"embeddable":true,"href":"https:\/\/www.elpolitologoyelpolitico.com.ar\/wordpress\/wp-json\/wp\/v2\/users\/4"}],"replies":[{"embeddable":true,"href":"https:\/\/www.elpolitologoyelpolitico.com.ar\/wordpress\/wp-json\/wp\/v2\/comments?post=31262"}],"version-history":[{"count":0,"href":"https:\/\/www.elpolitologoyelpolitico.com.ar\/wordpress\/wp-json\/wp\/v2\/posts\/31262\/revisions"}],"wp:featuredmedia":[{"embeddable":true,"href":"https:\/\/www.elpolitologoyelpolitico.com.ar\/wordpress\/wp-json\/wp\/v2\/media\/31263"}],"wp:attachment":[{"href":"https:\/\/www.elpolitologoyelpolitico.com.ar\/wordpress\/wp-json\/wp\/v2\/media?parent=31262"}],"wp:term":[{"taxonomy":"category","embeddable":true,"href":"https:\/\/www.elpolitologoyelpolitico.com.ar\/wordpress\/wp-json\/wp\/v2\/categories?post=31262"},{"taxonomy":"post_tag","embeddable":true,"href":"https:\/\/www.elpolitologoyelpolitico.com.ar\/wordpress\/wp-json\/wp\/v2\/tags?post=31262"}],"curies":[{"name":"wp","href":"https:\/\/api.w.org\/{rel}","templated":true}]}}