{"id":31258,"date":"2023-05-31T02:12:55","date_gmt":"2023-05-31T02:12:55","guid":{"rendered":"https:\/\/www.elpolitologoyelpolitico.com.ar\/wordpress\/?p=31258"},"modified":"2023-05-31T02:12:57","modified_gmt":"2023-05-31T02:12:57","slug":"nuevas-herramientas-para-mejorar-investigaciones-de-la-policia","status":"publish","type":"post","link":"https:\/\/www.elpolitologoyelpolitico.com.ar\/wordpress\/2023\/05\/31\/nuevas-herramientas-para-mejorar-investigaciones-de-la-policia\/","title":{"rendered":"Nuevas herramientas para mejorar investigaciones de la Polic\u00eda"},"content":{"rendered":"\n<p>La Gobernadora Arabela Carreras particip\u00f3 de la presentaci\u00f3n de las nuevas herramientas tecnol\u00f3gicas adquiridas por el Gobierno Nacional para optimizar las investigaciones judiciales.<\/p>\n\n\n\n<p>La Mandataria estuvo acompa\u00f1ada por la Ministra de Seguridad y Justicia, Betiana Minor. La presentaci\u00f3n tuvo lugar en el Sal\u00f3n Libertador del Palacio San Mart\u00edn, encabezada por el Ministro de Seguridad de la Naci\u00f3n, An\u00edbal Fern\u00e1ndez, y el Procurador General de la Naci\u00f3n, Eduardo Casal.<\/p>\n\n\n\n<p>Se trata de nuevas tecnolog\u00edas periciales adquiridas por Naci\u00f3n para las investigaciones que realizan en conjunto las fuerzas federales con los fiscales y jueces federales.<\/p>\n\n\n\n<p>\u201cDialogamos con el Ministro An\u00edbal Fern\u00e1ndez sobre la adquisici\u00f3n y el uso de estas nuevas herramientas, que fortalecen el trabajo conjunto que mantenemos con las fuerzas y la justicia federal. Entendemos que es necesario seguir fortaleciendo la tarea del Estado en la lucha contra el crimen, con m\u00e1s tecnolog\u00eda que nos permita actualizarnos y poder combatir las nuevas modalidades de delito\u201d, dijo Carreras.<\/p>\n\n\n\n<p>Durante el encuentro, se realiz\u00f3 un repaso del recientemente creado 911 Federal, y de sistemas de trabajo como el Sistema Biom\u00e9trico Dactilar (AFIS) y el Sistema de Reconocimiento Automatizado de vainas y proyectiles (SAIB).<\/p>\n\n\n\n<figure class=\"wp-block-image size-large is-resized\"><img fetchpriority=\"high\" decoding=\"async\" src=\"https:\/\/www.elpolitologoyelpolitico.com.ar\/wp-content\/uploads\/2023\/05\/IMG-20230530-WA0040-1024x683.jpg\" alt=\"\" class=\"wp-image-31260\" width=\"667\" height=\"444\" srcset=\"https:\/\/www.elpolitologoyelpolitico.com.ar\/wp-content\/uploads\/2023\/05\/IMG-20230530-WA0040-1024x683.jpg 1024w, https:\/\/www.elpolitologoyelpolitico.com.ar\/wp-content\/uploads\/2023\/05\/IMG-20230530-WA0040-300x200.jpg 300w, https:\/\/www.elpolitologoyelpolitico.com.ar\/wp-content\/uploads\/2023\/05\/IMG-20230530-WA0040-768x512.jpg 768w, https:\/\/www.elpolitologoyelpolitico.com.ar\/wp-content\/uploads\/2023\/05\/IMG-20230530-WA0040.jpg 1079w\" sizes=\"(max-width: 667px) 100vw, 667px\" \/><\/figure>\n<div class=\"fb-background-color\">\n\t\t\t  <div \n\t\t\t  \tclass = \"fb-comments\" \n\t\t\t  \tdata-href = \"https:\/\/www.elpolitologoyelpolitico.com.ar\/wordpress\/2023\/05\/31\/nuevas-herramientas-para-mejorar-investigaciones-de-la-policia\/\"\n\t\t\t  \tdata-numposts = \"10\"\n\t\t\t  \tdata-lazy = \"true\"\n\t\t\t\tdata-colorscheme = \"light\"\n\t\t\t\tdata-order-by = \"social\"\n\t\t\t\tdata-mobile=true>\n\t\t\t  <\/div><\/div>\n\t\t  <style>\n\t\t    .fb-background-color {\n\t\t\t\tbackground: #ffffff !important;\n\t\t\t}\n\t\t\t.fb_iframe_widget_fluid_desktop iframe {\n\t\t\t    width: 100% !important;\n\t\t\t}\n\t\t  <\/style>\n\t\t  ","protected":false},"excerpt":{"rendered":"<p>La Gobernadora Arabela Carreras particip\u00f3 de la presentaci\u00f3n de las nuevas herramientas tecnol\u00f3gicas adquiridas por el Gobierno Nacional para optimizar las investigaciones judiciales. La Mandataria estuvo acompa\u00f1ada por la Ministra de Seguridad y Justicia, Betiana Minor. La presentaci\u00f3n tuvo lugar en el Sal\u00f3n Libertador del Palacio San Mart\u00edn, encabezada por el Ministro de Seguridad de [&hellip;]<\/p>\n","protected":false},"author":4,"featured_media":31259,"comment_status":"closed","ping_status":"closed","sticky":false,"template":"","format":"standard","meta":{"_joinchat":[],"footnotes":""},"categories":[4],"tags":[],"class_list":["post-31258","post","type-post","status-publish","format-standard","has-post-thumbnail","hentry","category-politicas-publicas"],"_links":{"self":[{"href":"https:\/\/www.elpolitologoyelpolitico.com.ar\/wordpress\/wp-json\/wp\/v2\/posts\/31258","targetHints":{"allow":["GET"]}}],"collection":[{"href":"https:\/\/www.elpolitologoyelpolitico.com.ar\/wordpress\/wp-json\/wp\/v2\/posts"}],"about":[{"href":"https:\/\/www.elpolitologoyelpolitico.com.ar\/wordpress\/wp-json\/wp\/v2\/types\/post"}],"author":[{"embeddable":true,"href":"https:\/\/www.elpolitologoyelpolitico.com.ar\/wordpress\/wp-json\/wp\/v2\/users\/4"}],"replies":[{"embeddable":true,"href":"https:\/\/www.elpolitologoyelpolitico.com.ar\/wordpress\/wp-json\/wp\/v2\/comments?post=31258"}],"version-history":[{"count":0,"href":"https:\/\/www.elpolitologoyelpolitico.com.ar\/wordpress\/wp-json\/wp\/v2\/posts\/31258\/revisions"}],"wp:featuredmedia":[{"embeddable":true,"href":"https:\/\/www.elpolitologoyelpolitico.com.ar\/wordpress\/wp-json\/wp\/v2\/media\/31259"}],"wp:attachment":[{"href":"https:\/\/www.elpolitologoyelpolitico.com.ar\/wordpress\/wp-json\/wp\/v2\/media?parent=31258"}],"wp:term":[{"taxonomy":"category","embeddable":true,"href":"https:\/\/www.elpolitologoyelpolitico.com.ar\/wordpress\/wp-json\/wp\/v2\/categories?post=31258"},{"taxonomy":"post_tag","embeddable":true,"href":"https:\/\/www.elpolitologoyelpolitico.com.ar\/wordpress\/wp-json\/wp\/v2\/tags?post=31258"}],"curies":[{"name":"wp","href":"https:\/\/api.w.org\/{rel}","templated":true}]}}