{"id":31255,"date":"2023-05-31T02:03:38","date_gmt":"2023-05-31T02:03:38","guid":{"rendered":"https:\/\/www.elpolitologoyelpolitico.com.ar\/wordpress\/?p=31255"},"modified":"2023-05-31T02:03:40","modified_gmt":"2023-05-31T02:03:40","slug":"comienza-la-2da-edicion-del-encuentro-de-jovenes-con-el-arte-asomarte","status":"publish","type":"post","link":"https:\/\/www.elpolitologoyelpolitico.com.ar\/wordpress\/2023\/05\/31\/comienza-la-2da-edicion-del-encuentro-de-jovenes-con-el-arte-asomarte\/","title":{"rendered":"Comienza la 2da edici\u00f3n del encuentro de j\u00f3venes con el arte \u201cAsomArte\u201d"},"content":{"rendered":"\n<p>Del 31 de mayo al 4 de junio el gobierno de Viedma llevar\u00e1 adelante la segunda edici\u00f3n del encuentro de j\u00f3venes con el arte AsomArte en el Centro Municipal de Cultura.&nbsp;<\/p>\n\n\n\n<p>El encuentro est\u00e1 destinado a adolescentes de entre 13 y 18 a\u00f1os que quieran exponer su arte a trav\u00e9s del canto, del dibujo, la narraci\u00f3n con exposiciones, escenario abierto, espect\u00e1culos y talleres culturales.<\/p>\n\n\n\n<p>Despu\u00e9s de una exitosa primera edici\u00f3n de AsomArte en 2022, se ha evaluado y trabajado para volver a permitir esta actividad que visibiliza la rica experimentaci\u00f3n protagonizada por los j\u00f3venes de nuestra comunidad.<\/p>\n\n\n\n<p>Este encuentro invita a observar y dar identidad, lugar, afecto, b\u00fasqueda, escucha atenta y encuentro a trav\u00e9s de los diferentes lenguajes art\u00edsticos.<\/p>\n\n\n\n<p>Esta nueva edici\u00f3n es organizada y coordinada por el Gobierno de Viedma a trav\u00e9s del equipo docente de la Subsecretar\u00eda de Cultura, con la participaci\u00f3n de diversos participantes, entidades culturales y comunitarias de nuestra ciudad.<br>Del 31 de mayo al 4 de junio quedar\u00e1n expuestas las obras y trabajos realizados por j\u00f3venes de nuestra Comarca.<\/p>\n\n\n\n<p>En el marco del festival AsomArte, el jueves 1 de junio a las 10 y a las 15.30, se presentar\u00e1 en el Centro Cultural el espect\u00e1culo de t\u00edteres y objetos para adultos y j\u00f3venes \u00abC\u00d3CTEL\u00bb de Manu Mansilla. Un espect\u00e1culo con diferentes t\u00e9cnicas de t\u00edteres, teatro de objetos, bocones con varilla, t\u00edteres corp\u00f3reos y un titiritero a la vista.<br>Adem\u00e1s el jueves 1 y el viernes 2 de junio a partir de las 18.30 en el Escenario Mayor del Centro Cultural habr\u00e1 Escenario Abierto con Encuentro de J\u00f3venes Artistas.<\/p>\n\n\n\n<p>En el Centro Cultural II habr\u00e1 talleres culturales, con cupos disponibles en turno ma\u00f1ana, de 9 a 10, de 10.30 a 11.30, de 14 a 15, de 15.30 a 16.30. All\u00ed, ma\u00f1ana mi\u00e9rcoles 31 de mayo se dictar\u00e1 el taller de Ritmo y Percusi\u00f3n con se\u00f1as, Imaginario Sin Verso (esculturas en papel), Esferodinamia, Afiches para la Memoria, Palabras Enfrascadas e Impro Teatral.<\/p>\n\n\n\n<p>El viernes 2 de junio en el Centro Cultural se dictar\u00e1 Taller de Tango a las 10 y a las 15.30. Quienes quieran asistir a los talleres podr\u00e1n inscribirse al mail&nbsp;asomartecultura@gmail.com.<br>&nbsp;<\/p>\n<div class=\"fb-background-color\">\n\t\t\t  <div \n\t\t\t  \tclass = \"fb-comments\" \n\t\t\t  \tdata-href = \"https:\/\/www.elpolitologoyelpolitico.com.ar\/wordpress\/2023\/05\/31\/comienza-la-2da-edicion-del-encuentro-de-jovenes-con-el-arte-asomarte\/\"\n\t\t\t  \tdata-numposts = \"10\"\n\t\t\t  \tdata-lazy = \"true\"\n\t\t\t\tdata-colorscheme = \"light\"\n\t\t\t\tdata-order-by = \"social\"\n\t\t\t\tdata-mobile=true>\n\t\t\t  <\/div><\/div>\n\t\t  <style>\n\t\t    .fb-background-color {\n\t\t\t\tbackground: #ffffff !important;\n\t\t\t}\n\t\t\t.fb_iframe_widget_fluid_desktop iframe {\n\t\t\t    width: 100% !important;\n\t\t\t}\n\t\t  <\/style>\n\t\t  ","protected":false},"excerpt":{"rendered":"<p>Del 31 de mayo al 4 de junio el gobierno de Viedma llevar\u00e1 adelante la segunda edici\u00f3n del encuentro de j\u00f3venes con el arte AsomArte en el Centro Municipal de Cultura.&nbsp; El encuentro est\u00e1 destinado a adolescentes de entre 13 y 18 a\u00f1os que quieran exponer su arte a trav\u00e9s del canto, del dibujo, la [&hellip;]<\/p>\n","protected":false},"author":4,"featured_media":31256,"comment_status":"closed","ping_status":"closed","sticky":false,"template":"","format":"standard","meta":{"_joinchat":[],"footnotes":""},"categories":[39],"tags":[],"class_list":["post-31255","post","type-post","status-publish","format-standard","has-post-thumbnail","hentry","category-en-esta-seccion"],"_links":{"self":[{"href":"https:\/\/www.elpolitologoyelpolitico.com.ar\/wordpress\/wp-json\/wp\/v2\/posts\/31255","targetHints":{"allow":["GET"]}}],"collection":[{"href":"https:\/\/www.elpolitologoyelpolitico.com.ar\/wordpress\/wp-json\/wp\/v2\/posts"}],"about":[{"href":"https:\/\/www.elpolitologoyelpolitico.com.ar\/wordpress\/wp-json\/wp\/v2\/types\/post"}],"author":[{"embeddable":true,"href":"https:\/\/www.elpolitologoyelpolitico.com.ar\/wordpress\/wp-json\/wp\/v2\/users\/4"}],"replies":[{"embeddable":true,"href":"https:\/\/www.elpolitologoyelpolitico.com.ar\/wordpress\/wp-json\/wp\/v2\/comments?post=31255"}],"version-history":[{"count":0,"href":"https:\/\/www.elpolitologoyelpolitico.com.ar\/wordpress\/wp-json\/wp\/v2\/posts\/31255\/revisions"}],"wp:featuredmedia":[{"embeddable":true,"href":"https:\/\/www.elpolitologoyelpolitico.com.ar\/wordpress\/wp-json\/wp\/v2\/media\/31256"}],"wp:attachment":[{"href":"https:\/\/www.elpolitologoyelpolitico.com.ar\/wordpress\/wp-json\/wp\/v2\/media?parent=31255"}],"wp:term":[{"taxonomy":"category","embeddable":true,"href":"https:\/\/www.elpolitologoyelpolitico.com.ar\/wordpress\/wp-json\/wp\/v2\/categories?post=31255"},{"taxonomy":"post_tag","embeddable":true,"href":"https:\/\/www.elpolitologoyelpolitico.com.ar\/wordpress\/wp-json\/wp\/v2\/tags?post=31255"}],"curies":[{"name":"wp","href":"https:\/\/api.w.org\/{rel}","templated":true}]}}