{"id":31250,"date":"2023-05-31T01:52:35","date_gmt":"2023-05-31T01:52:35","guid":{"rendered":"https:\/\/www.elpolitologoyelpolitico.com.ar\/wordpress\/?p=31250"},"modified":"2023-05-31T01:52:36","modified_gmt":"2023-05-31T01:52:36","slug":"el-intendente-zara-firmo-un-nuevo-convenio-para-vehiculos-y-equipamiento-para-el-distrito","status":"publish","type":"post","link":"https:\/\/www.elpolitologoyelpolitico.com.ar\/wordpress\/2023\/05\/31\/el-intendente-zara-firmo-un-nuevo-convenio-para-vehiculos-y-equipamiento-para-el-distrito\/","title":{"rendered":"El Intendente Zara firm\u00f3 un nuevo convenio para veh\u00edculos y equipamiento para el Distrito"},"content":{"rendered":"\n<p>Esta ma\u00f1ana, el Intendente Municipal, Ing. Jos\u00e9 Luis Zara, concret\u00f3 la firma de un nuevo convenio en el marco de la nueva l\u00ednea de Leasing con el Banco de la Provincia de Buenos Aires para municipios.<\/p>\n\n\n\n<p>La r\u00fabrica se realiz\u00f3 en la ciudad de la Plata, y cont\u00f3 con la presencia del presidente de la entidad financiera, Juan Cuattromo, la presidente de Provincia Leasing, Valeria Dallera, y funcionarios del ejecutivo provincial.<\/p>\n\n\n\n<p>\u00abEste convenio permitir\u00e1 la compra de dos camiones recolectores para seguir trabajando en la gesti\u00f3n de los residuos s\u00f3lidos urbanos, tanto en la cabecera del Partido como en las localidades del Interior, dos unidades importantes que se suman a las que hemos incorporado, y adem\u00e1s permitir\u00e1 la adquisici\u00f3n de un grupo electr\u00f3geno, muy necesario para el municipio\u00bb, detall\u00f3 Zara tras la firma del convenio.<\/p>\n\n\n\n<p>A trav\u00e9s de la l\u00ednea \u00abMunicipios Bonaerenses 2023\u00bb, el gobierno provincial y Provincia Leasing otorgan financiamiento para la compra de bienes que permitan mejorar los servicios p\u00fablicos locales.<\/p>\n\n\n\n<p>Mediante esta l\u00ednea, las comunas acceden a una financiaci\u00f3n del cien por ciento del bien en hasta 60 cuotas para la compra de ambulancias, equipos de salud, maquinarias, equipamiento de construcci\u00f3n y veh\u00edculos, entre otros.<\/p>\n\n\n\n<figure class=\"wp-block-gallery has-nested-images columns-default is-cropped wp-block-gallery-1 is-layout-flex wp-block-gallery-is-layout-flex\">\n<figure class=\"wp-block-image size-large\"><img fetchpriority=\"high\" decoding=\"async\" width=\"1024\" height=\"478\" data-id=\"31252\" src=\"https:\/\/www.elpolitologoyelpolitico.com.ar\/wp-content\/uploads\/2023\/05\/IMG-20230530-WA0038-1024x478.jpg\" alt=\"\" class=\"wp-image-31252\" srcset=\"https:\/\/www.elpolitologoyelpolitico.com.ar\/wp-content\/uploads\/2023\/05\/IMG-20230530-WA0038-1024x478.jpg 1024w, https:\/\/www.elpolitologoyelpolitico.com.ar\/wp-content\/uploads\/2023\/05\/IMG-20230530-WA0038-300x140.jpg 300w, https:\/\/www.elpolitologoyelpolitico.com.ar\/wp-content\/uploads\/2023\/05\/IMG-20230530-WA0038-768x358.jpg 768w, https:\/\/www.elpolitologoyelpolitico.com.ar\/wp-content\/uploads\/2023\/05\/IMG-20230530-WA0038.jpg 1280w\" sizes=\"(max-width: 1024px) 100vw, 1024px\" \/><\/figure>\n\n\n\n<figure class=\"wp-block-image size-large\"><img decoding=\"async\" width=\"1024\" height=\"682\" data-id=\"31253\" src=\"https:\/\/www.elpolitologoyelpolitico.com.ar\/wp-content\/uploads\/2023\/05\/IMG-20230530-WA0036-1024x682.jpg\" alt=\"\" class=\"wp-image-31253\" srcset=\"https:\/\/www.elpolitologoyelpolitico.com.ar\/wp-content\/uploads\/2023\/05\/IMG-20230530-WA0036-1024x682.jpg 1024w, https:\/\/www.elpolitologoyelpolitico.com.ar\/wp-content\/uploads\/2023\/05\/IMG-20230530-WA0036-300x200.jpg 300w, https:\/\/www.elpolitologoyelpolitico.com.ar\/wp-content\/uploads\/2023\/05\/IMG-20230530-WA0036-768x512.jpg 768w, https:\/\/www.elpolitologoyelpolitico.com.ar\/wp-content\/uploads\/2023\/05\/IMG-20230530-WA0036-1536x1023.jpg 1536w, https:\/\/www.elpolitologoyelpolitico.com.ar\/wp-content\/uploads\/2023\/05\/IMG-20230530-WA0036.jpg 1600w\" sizes=\"(max-width: 1024px) 100vw, 1024px\" \/><\/figure>\n<\/figure>\n<div class=\"fb-background-color\">\n\t\t\t  <div \n\t\t\t  \tclass = \"fb-comments\" \n\t\t\t  \tdata-href = \"https:\/\/www.elpolitologoyelpolitico.com.ar\/wordpress\/2023\/05\/31\/el-intendente-zara-firmo-un-nuevo-convenio-para-vehiculos-y-equipamiento-para-el-distrito\/\"\n\t\t\t  \tdata-numposts = \"10\"\n\t\t\t  \tdata-lazy = \"true\"\n\t\t\t\tdata-colorscheme = \"light\"\n\t\t\t\tdata-order-by = \"social\"\n\t\t\t\tdata-mobile=true>\n\t\t\t  <\/div><\/div>\n\t\t  <style>\n\t\t    .fb-background-color {\n\t\t\t\tbackground: #ffffff !important;\n\t\t\t}\n\t\t\t.fb_iframe_widget_fluid_desktop iframe {\n\t\t\t    width: 100% !important;\n\t\t\t}\n\t\t  <\/style>\n\t\t  ","protected":false},"excerpt":{"rendered":"<p>Esta ma\u00f1ana, el Intendente Municipal, Ing. Jos\u00e9 Luis Zara, concret\u00f3 la firma de un nuevo convenio en el marco de la nueva l\u00ednea de Leasing con el Banco de la Provincia de Buenos Aires para municipios. La r\u00fabrica se realiz\u00f3 en la ciudad de la Plata, y cont\u00f3 con la presencia del presidente de la [&hellip;]<\/p>\n","protected":false},"author":4,"featured_media":31251,"comment_status":"closed","ping_status":"closed","sticky":false,"template":"","format":"standard","meta":{"_joinchat":[],"footnotes":""},"categories":[4],"tags":[],"class_list":["post-31250","post","type-post","status-publish","format-standard","has-post-thumbnail","hentry","category-politicas-publicas"],"_links":{"self":[{"href":"https:\/\/www.elpolitologoyelpolitico.com.ar\/wordpress\/wp-json\/wp\/v2\/posts\/31250","targetHints":{"allow":["GET"]}}],"collection":[{"href":"https:\/\/www.elpolitologoyelpolitico.com.ar\/wordpress\/wp-json\/wp\/v2\/posts"}],"about":[{"href":"https:\/\/www.elpolitologoyelpolitico.com.ar\/wordpress\/wp-json\/wp\/v2\/types\/post"}],"author":[{"embeddable":true,"href":"https:\/\/www.elpolitologoyelpolitico.com.ar\/wordpress\/wp-json\/wp\/v2\/users\/4"}],"replies":[{"embeddable":true,"href":"https:\/\/www.elpolitologoyelpolitico.com.ar\/wordpress\/wp-json\/wp\/v2\/comments?post=31250"}],"version-history":[{"count":0,"href":"https:\/\/www.elpolitologoyelpolitico.com.ar\/wordpress\/wp-json\/wp\/v2\/posts\/31250\/revisions"}],"wp:featuredmedia":[{"embeddable":true,"href":"https:\/\/www.elpolitologoyelpolitico.com.ar\/wordpress\/wp-json\/wp\/v2\/media\/31251"}],"wp:attachment":[{"href":"https:\/\/www.elpolitologoyelpolitico.com.ar\/wordpress\/wp-json\/wp\/v2\/media?parent=31250"}],"wp:term":[{"taxonomy":"category","embeddable":true,"href":"https:\/\/www.elpolitologoyelpolitico.com.ar\/wordpress\/wp-json\/wp\/v2\/categories?post=31250"},{"taxonomy":"post_tag","embeddable":true,"href":"https:\/\/www.elpolitologoyelpolitico.com.ar\/wordpress\/wp-json\/wp\/v2\/tags?post=31250"}],"curies":[{"name":"wp","href":"https:\/\/api.w.org\/{rel}","templated":true}]}}