{"id":31244,"date":"2023-05-30T23:00:37","date_gmt":"2023-05-30T23:00:37","guid":{"rendered":"https:\/\/www.elpolitologoyelpolitico.com.ar\/wordpress\/?p=31244"},"modified":"2023-05-30T23:00:39","modified_gmt":"2023-05-30T23:00:39","slug":"carreras-sobre-el-ingreso-de-la-ley-de-hidrogeno-es-una-gran-noticia","status":"publish","type":"post","link":"https:\/\/www.elpolitologoyelpolitico.com.ar\/wordpress\/2023\/05\/30\/carreras-sobre-el-ingreso-de-la-ley-de-hidrogeno-es-una-gran-noticia\/","title":{"rendered":"Carreras sobre el ingreso de la Ley de Hidr\u00f3geno: \u201cEs una gran noticia\u201d"},"content":{"rendered":"\n<p>La Gobernadora Arabela Carreras se\u00f1al\u00f3 que es \u201cuna gran noticia\u201d el ingreso a la C\u00e1mara de Diputados del proyecto de ley que buscar\u00e1 regular la actividad del Hidr\u00f3geno Verde en el pa\u00eds. \u201cEs indispensable contar con un marco regulatorio para poder empezar a desarrollar la actividad con una perspectiva de futuro\u201d, opin\u00f3.<\/p>\n\n\n\n<p>EL Poder Ejecutivo Nacional envi\u00f3 ayer los proyectos de promoci\u00f3n del hidr\u00f3geno de bajas emisiones de carbono y otros gases de efecto invernadero y la promoci\u00f3n del gas natural licuado (GNL).<\/p>\n\n\n\n<p>Carreras destac\u00f3 el cumplimiento del compromiso asumido oportunamente por el Presidente Alberto Fern\u00e1ndez de elevar esta iniciativa, decisi\u00f3n que fue ratificado por el Ministro de Relaciones Exteriores y Culto, Santiago Cafiero y por la Secretaria de Energ\u00eda, Flavia Roy\u00f3n, en el \u00faltimo Foro Global de Hidr\u00f3geno Verde desarrollado en Bariloche.<\/p>\n\n\n\n<p>\u201cEstamos hablando de una ley que pondr\u00e1 un marco para la producci\u00f3n de hidr\u00f3geno, una energ\u00eda amigable con el medio ambiente; pero tambi\u00e9n va a buscarse el reemplazo paulatino de ciertos consumos energ\u00e9ticos que generan gases de efecto invernadero. Esto no significa que una actividad vaya en contra de otra\u201d, explic\u00f3.<\/p>\n\n\n\n<p>En ese sentido, remarc\u00f3 la importancia del ingreso de los dos proyectos en conjunto. \u201cEstamos hablando de que la Argentina puede tener una gran oportunidad con el desarrollo de Vaca Muerta en los pr\u00f3ximos a\u00f1os, pero tambi\u00e9n buscando posicionarse en un escenario de transici\u00f3n energ\u00e9tica, de renovaci\u00f3n hacia las energ\u00edas verdes. Este es un proceso muy actual en Europa\u201d, remarc\u00f3.<\/p>\n\n\n\n<p>Respecto al proyecto por iniciativa privada que fue presentado por la empresa australiana Fortescue Future, explic\u00f3 que est\u00e1 muy avanzado en la etapa preliminar, que incluye los estudios de impacto ambiental y medici\u00f3n de vientos.<\/p>\n\n\n\n<p>\u201cPara hacer las inversiones de infraestructura que se necesitar\u00edan, como por ejemplo la planta de producci\u00f3n de hidr\u00f3geno, la empresa requiere un financiamiento internacional y para eso es necesario una ley marco. Las entidades de cr\u00e9dito no otorgar\u00edan dinero para proyectos sino hay un marco que ofrezca confiabilidad\u201d, dijo.<\/p>\n\n\n\n<p>Resalt\u00f3 que \u201chay un compromiso, no solo por parte de Fortescue, que es la empresa que ha presentado iniciativa privada, sino tambi\u00e9n de otras entidades y empresas de otros pa\u00edses que est\u00e1n mirando la posibilidad de desarrollar esta actividad en la Patagonia como un escenario de oportunidad\u201d.<\/p>\n\n\n\n<p>\u201cTenemos que buscar el desarrollo con el cuidado del ambiente. Creo que las dos cosas tienen que estar, porque si no de qu\u00e9 vamos a vivir los rionegrinos. Tenemos ciertas ambig\u00fcedades en nuestra forma de vivir. Todos encendemos la cocina y calentamos la pava para tomar unos mates, y ese gas es actividad petrolera. Hay que comprender que es el motor de la actividad humana, de la actividad productiva y de la industria\u201d, consider\u00f3 Carreras.<\/p>\n<div class=\"fb-background-color\">\n\t\t\t  <div \n\t\t\t  \tclass = \"fb-comments\" \n\t\t\t  \tdata-href = \"https:\/\/www.elpolitologoyelpolitico.com.ar\/wordpress\/2023\/05\/30\/carreras-sobre-el-ingreso-de-la-ley-de-hidrogeno-es-una-gran-noticia\/\"\n\t\t\t  \tdata-numposts = \"10\"\n\t\t\t  \tdata-lazy = \"true\"\n\t\t\t\tdata-colorscheme = \"light\"\n\t\t\t\tdata-order-by = \"social\"\n\t\t\t\tdata-mobile=true>\n\t\t\t  <\/div><\/div>\n\t\t  <style>\n\t\t    .fb-background-color {\n\t\t\t\tbackground: #ffffff !important;\n\t\t\t}\n\t\t\t.fb_iframe_widget_fluid_desktop iframe {\n\t\t\t    width: 100% !important;\n\t\t\t}\n\t\t  <\/style>\n\t\t  ","protected":false},"excerpt":{"rendered":"<p>La Gobernadora Arabela Carreras se\u00f1al\u00f3 que es \u201cuna gran noticia\u201d el ingreso a la C\u00e1mara de Diputados del proyecto de ley que buscar\u00e1 regular la actividad del Hidr\u00f3geno Verde en el pa\u00eds. \u201cEs indispensable contar con un marco regulatorio para poder empezar a desarrollar la actividad con una perspectiva de futuro\u201d, opin\u00f3. EL Poder Ejecutivo [&hellip;]<\/p>\n","protected":false},"author":4,"featured_media":31245,"comment_status":"closed","ping_status":"closed","sticky":false,"template":"","format":"standard","meta":{"_joinchat":[],"footnotes":""},"categories":[4],"tags":[],"class_list":["post-31244","post","type-post","status-publish","format-standard","has-post-thumbnail","hentry","category-politicas-publicas"],"_links":{"self":[{"href":"https:\/\/www.elpolitologoyelpolitico.com.ar\/wordpress\/wp-json\/wp\/v2\/posts\/31244","targetHints":{"allow":["GET"]}}],"collection":[{"href":"https:\/\/www.elpolitologoyelpolitico.com.ar\/wordpress\/wp-json\/wp\/v2\/posts"}],"about":[{"href":"https:\/\/www.elpolitologoyelpolitico.com.ar\/wordpress\/wp-json\/wp\/v2\/types\/post"}],"author":[{"embeddable":true,"href":"https:\/\/www.elpolitologoyelpolitico.com.ar\/wordpress\/wp-json\/wp\/v2\/users\/4"}],"replies":[{"embeddable":true,"href":"https:\/\/www.elpolitologoyelpolitico.com.ar\/wordpress\/wp-json\/wp\/v2\/comments?post=31244"}],"version-history":[{"count":0,"href":"https:\/\/www.elpolitologoyelpolitico.com.ar\/wordpress\/wp-json\/wp\/v2\/posts\/31244\/revisions"}],"wp:featuredmedia":[{"embeddable":true,"href":"https:\/\/www.elpolitologoyelpolitico.com.ar\/wordpress\/wp-json\/wp\/v2\/media\/31245"}],"wp:attachment":[{"href":"https:\/\/www.elpolitologoyelpolitico.com.ar\/wordpress\/wp-json\/wp\/v2\/media?parent=31244"}],"wp:term":[{"taxonomy":"category","embeddable":true,"href":"https:\/\/www.elpolitologoyelpolitico.com.ar\/wordpress\/wp-json\/wp\/v2\/categories?post=31244"},{"taxonomy":"post_tag","embeddable":true,"href":"https:\/\/www.elpolitologoyelpolitico.com.ar\/wordpress\/wp-json\/wp\/v2\/tags?post=31244"}],"curies":[{"name":"wp","href":"https:\/\/api.w.org\/{rel}","templated":true}]}}