{"id":31240,"date":"2023-05-30T22:25:25","date_gmt":"2023-05-30T22:25:25","guid":{"rendered":"https:\/\/www.elpolitologoyelpolitico.com.ar\/wordpress\/?p=31240"},"modified":"2023-05-30T22:25:27","modified_gmt":"2023-05-30T22:25:27","slug":"atencion-cables-cortados-y-zona-aislada","status":"publish","type":"post","link":"https:\/\/www.elpolitologoyelpolitico.com.ar\/wordpress\/2023\/05\/30\/atencion-cables-cortados-y-zona-aislada\/","title":{"rendered":"ATENCI\u00d3N: CABLES CORTADOS Y ZONA AISLADA"},"content":{"rendered":"\n<p>Durante tareas de mantenimiento, operarios de ARSA cortaron accidentalmente un cable en la intersecci\u00f3n de Los Tulipanes y Las Azucenas, lo cual ha generado un riesgo para la zona.<\/p>\n\n\n\n<p>Es probable que el alumbrado p\u00fablico en esa intersecci\u00f3n y sus alrededores no est\u00e9 funcionando correctamente debido a esta incidencia.<\/p>\n\n\n\n<p>Con el objetivo de garantizar la seguridad, qued\u00f3 el \u00e1rea aislada temporalmente.<\/p>\n\n\n\n<p>En la jornada de este martes se har\u00e1n los empalmes correspondientes para el retorno de la normalidad.<\/p>\n\n\n\n<figure class=\"wp-block-image size-large\"><img fetchpriority=\"high\" decoding=\"async\" width=\"460\" height=\"1024\" src=\"https:\/\/www.elpolitologoyelpolitico.com.ar\/wp-content\/uploads\/2023\/05\/IMG-20230530-WA0031-460x1024.jpg\" alt=\"\" class=\"wp-image-31242\" srcset=\"https:\/\/www.elpolitologoyelpolitico.com.ar\/wp-content\/uploads\/2023\/05\/IMG-20230530-WA0031-460x1024.jpg 460w, https:\/\/www.elpolitologoyelpolitico.com.ar\/wp-content\/uploads\/2023\/05\/IMG-20230530-WA0031-135x300.jpg 135w, https:\/\/www.elpolitologoyelpolitico.com.ar\/wp-content\/uploads\/2023\/05\/IMG-20230530-WA0031.jpg 575w\" sizes=\"(max-width: 460px) 100vw, 460px\" \/><\/figure>\n<div class=\"fb-background-color\">\n\t\t\t  <div \n\t\t\t  \tclass = \"fb-comments\" \n\t\t\t  \tdata-href = \"https:\/\/www.elpolitologoyelpolitico.com.ar\/wordpress\/2023\/05\/30\/atencion-cables-cortados-y-zona-aislada\/\"\n\t\t\t  \tdata-numposts = \"10\"\n\t\t\t  \tdata-lazy = \"true\"\n\t\t\t\tdata-colorscheme = \"light\"\n\t\t\t\tdata-order-by = \"social\"\n\t\t\t\tdata-mobile=true>\n\t\t\t  <\/div><\/div>\n\t\t  <style>\n\t\t    .fb-background-color {\n\t\t\t\tbackground: #ffffff !important;\n\t\t\t}\n\t\t\t.fb_iframe_widget_fluid_desktop iframe {\n\t\t\t    width: 100% !important;\n\t\t\t}\n\t\t  <\/style>\n\t\t  ","protected":false},"excerpt":{"rendered":"<p>Durante tareas de mantenimiento, operarios de ARSA cortaron accidentalmente un cable en la intersecci\u00f3n de Los Tulipanes y Las Azucenas, lo cual ha generado un riesgo para la zona. Es probable que el alumbrado p\u00fablico en esa intersecci\u00f3n y sus alrededores no est\u00e9 funcionando correctamente debido a esta incidencia. Con el objetivo de garantizar la [&hellip;]<\/p>\n","protected":false},"author":4,"featured_media":31241,"comment_status":"closed","ping_status":"closed","sticky":false,"template":"","format":"standard","meta":{"_joinchat":[],"footnotes":""},"categories":[39],"tags":[],"class_list":["post-31240","post","type-post","status-publish","format-standard","has-post-thumbnail","hentry","category-en-esta-seccion"],"_links":{"self":[{"href":"https:\/\/www.elpolitologoyelpolitico.com.ar\/wordpress\/wp-json\/wp\/v2\/posts\/31240","targetHints":{"allow":["GET"]}}],"collection":[{"href":"https:\/\/www.elpolitologoyelpolitico.com.ar\/wordpress\/wp-json\/wp\/v2\/posts"}],"about":[{"href":"https:\/\/www.elpolitologoyelpolitico.com.ar\/wordpress\/wp-json\/wp\/v2\/types\/post"}],"author":[{"embeddable":true,"href":"https:\/\/www.elpolitologoyelpolitico.com.ar\/wordpress\/wp-json\/wp\/v2\/users\/4"}],"replies":[{"embeddable":true,"href":"https:\/\/www.elpolitologoyelpolitico.com.ar\/wordpress\/wp-json\/wp\/v2\/comments?post=31240"}],"version-history":[{"count":0,"href":"https:\/\/www.elpolitologoyelpolitico.com.ar\/wordpress\/wp-json\/wp\/v2\/posts\/31240\/revisions"}],"wp:featuredmedia":[{"embeddable":true,"href":"https:\/\/www.elpolitologoyelpolitico.com.ar\/wordpress\/wp-json\/wp\/v2\/media\/31241"}],"wp:attachment":[{"href":"https:\/\/www.elpolitologoyelpolitico.com.ar\/wordpress\/wp-json\/wp\/v2\/media?parent=31240"}],"wp:term":[{"taxonomy":"category","embeddable":true,"href":"https:\/\/www.elpolitologoyelpolitico.com.ar\/wordpress\/wp-json\/wp\/v2\/categories?post=31240"},{"taxonomy":"post_tag","embeddable":true,"href":"https:\/\/www.elpolitologoyelpolitico.com.ar\/wordpress\/wp-json\/wp\/v2\/tags?post=31240"}],"curies":[{"name":"wp","href":"https:\/\/api.w.org\/{rel}","templated":true}]}}