{"id":31235,"date":"2023-05-30T22:13:37","date_gmt":"2023-05-30T22:13:37","guid":{"rendered":"https:\/\/www.elpolitologoyelpolitico.com.ar\/wordpress\/?p=31235"},"modified":"2023-05-30T22:13:39","modified_gmt":"2023-05-30T22:13:39","slug":"trabajan-para-renovar-la-iluminacion-en-el-barrio-el-progreso-de-carmen-de-patagones","status":"publish","type":"post","link":"https:\/\/www.elpolitologoyelpolitico.com.ar\/wordpress\/2023\/05\/30\/trabajan-para-renovar-la-iluminacion-en-el-barrio-el-progreso-de-carmen-de-patagones\/","title":{"rendered":"Trabajan para renovar la iluminaci\u00f3n en el barrio El Progreso de Carmen de Patagones"},"content":{"rendered":"\n<p>La Direcci\u00f3n de Alumbrado P\u00fablico contin\u00faa trabajando en la reconversi\u00f3n lum\u00ednica en diversos sectores de Carmen de Patagones.<\/p>\n\n\n\n<p>En esta ocasi\u00f3n, se lleva adelante el reemplazo de las luces de sodio de alta presi\u00f3n por LED de 60 watt, en el barrio El Progreso.<\/p>\n\n\n\n<p>Esta ma\u00f1ana, el Intendente Municipal, Ing. Jos\u00e9 Luis Zara, visit\u00f3 el lugar y dialog\u00f3 con los operarios.<\/p>\n\n\n\n<p>Estuvo acompa\u00f1ado por el Secretario de Gobierno, Daniel Paredes, la Coordinadora de Desarrollo y H\u00e1bitat, Alicia Ludue\u00f1a, el Director del Departamento de Alumbrado, Carlos Mayer, y el concejal de Juntos, Ricardo Angos.<\/p>\n\n\n\n<p>Los nuevos artefactos, 45 en total, permitir\u00e1n reducir notablemente el gasto de energ\u00eda el\u00e9ctrica y ofrecer una \u00f3ptima iluminaci\u00f3n, brindando una mejor calidad de vida y mayor seguridad a las familias del sector.<\/p>\n\n\n\n<figure class=\"wp-block-gallery has-nested-images columns-default is-cropped wp-block-gallery-1 is-layout-flex wp-block-gallery-is-layout-flex\">\n<figure class=\"wp-block-image size-large\"><img fetchpriority=\"high\" decoding=\"async\" width=\"1024\" height=\"683\" data-id=\"31238\" src=\"https:\/\/www.elpolitologoyelpolitico.com.ar\/wp-content\/uploads\/2023\/05\/IMG-20230530-WA0029-1024x683.jpg\" alt=\"\" class=\"wp-image-31238\" srcset=\"https:\/\/www.elpolitologoyelpolitico.com.ar\/wp-content\/uploads\/2023\/05\/IMG-20230530-WA0029-1024x683.jpg 1024w, https:\/\/www.elpolitologoyelpolitico.com.ar\/wp-content\/uploads\/2023\/05\/IMG-20230530-WA0029-300x200.jpg 300w, https:\/\/www.elpolitologoyelpolitico.com.ar\/wp-content\/uploads\/2023\/05\/IMG-20230530-WA0029-768x512.jpg 768w, https:\/\/www.elpolitologoyelpolitico.com.ar\/wp-content\/uploads\/2023\/05\/IMG-20230530-WA0029-1536x1024.jpg 1536w, https:\/\/www.elpolitologoyelpolitico.com.ar\/wp-content\/uploads\/2023\/05\/IMG-20230530-WA0029.jpg 1599w\" sizes=\"(max-width: 1024px) 100vw, 1024px\" \/><\/figure>\n\n\n\n<figure class=\"wp-block-image size-large\"><img decoding=\"async\" width=\"1024\" height=\"683\" data-id=\"31237\" src=\"https:\/\/www.elpolitologoyelpolitico.com.ar\/wp-content\/uploads\/2023\/05\/IMG-20230530-WA0027-1024x683.jpg\" alt=\"\" class=\"wp-image-31237\" srcset=\"https:\/\/www.elpolitologoyelpolitico.com.ar\/wp-content\/uploads\/2023\/05\/IMG-20230530-WA0027-1024x683.jpg 1024w, https:\/\/www.elpolitologoyelpolitico.com.ar\/wp-content\/uploads\/2023\/05\/IMG-20230530-WA0027-300x200.jpg 300w, https:\/\/www.elpolitologoyelpolitico.com.ar\/wp-content\/uploads\/2023\/05\/IMG-20230530-WA0027-768x512.jpg 768w, https:\/\/www.elpolitologoyelpolitico.com.ar\/wp-content\/uploads\/2023\/05\/IMG-20230530-WA0027-1536x1024.jpg 1536w, https:\/\/www.elpolitologoyelpolitico.com.ar\/wp-content\/uploads\/2023\/05\/IMG-20230530-WA0027.jpg 1599w\" sizes=\"(max-width: 1024px) 100vw, 1024px\" \/><\/figure>\n<\/figure>\n<div class=\"fb-background-color\">\n\t\t\t  <div \n\t\t\t  \tclass = \"fb-comments\" \n\t\t\t  \tdata-href = \"https:\/\/www.elpolitologoyelpolitico.com.ar\/wordpress\/2023\/05\/30\/trabajan-para-renovar-la-iluminacion-en-el-barrio-el-progreso-de-carmen-de-patagones\/\"\n\t\t\t  \tdata-numposts = \"10\"\n\t\t\t  \tdata-lazy = \"true\"\n\t\t\t\tdata-colorscheme = \"light\"\n\t\t\t\tdata-order-by = \"social\"\n\t\t\t\tdata-mobile=true>\n\t\t\t  <\/div><\/div>\n\t\t  <style>\n\t\t    .fb-background-color {\n\t\t\t\tbackground: #ffffff !important;\n\t\t\t}\n\t\t\t.fb_iframe_widget_fluid_desktop iframe {\n\t\t\t    width: 100% !important;\n\t\t\t}\n\t\t  <\/style>\n\t\t  ","protected":false},"excerpt":{"rendered":"<p>La Direcci\u00f3n de Alumbrado P\u00fablico contin\u00faa trabajando en la reconversi\u00f3n lum\u00ednica en diversos sectores de Carmen de Patagones. En esta ocasi\u00f3n, se lleva adelante el reemplazo de las luces de sodio de alta presi\u00f3n por LED de 60 watt, en el barrio El Progreso. Esta ma\u00f1ana, el Intendente Municipal, Ing. Jos\u00e9 Luis Zara, visit\u00f3 el [&hellip;]<\/p>\n","protected":false},"author":4,"featured_media":31236,"comment_status":"closed","ping_status":"closed","sticky":false,"template":"","format":"standard","meta":{"_joinchat":[],"footnotes":""},"categories":[4],"tags":[],"class_list":["post-31235","post","type-post","status-publish","format-standard","has-post-thumbnail","hentry","category-politicas-publicas"],"_links":{"self":[{"href":"https:\/\/www.elpolitologoyelpolitico.com.ar\/wordpress\/wp-json\/wp\/v2\/posts\/31235","targetHints":{"allow":["GET"]}}],"collection":[{"href":"https:\/\/www.elpolitologoyelpolitico.com.ar\/wordpress\/wp-json\/wp\/v2\/posts"}],"about":[{"href":"https:\/\/www.elpolitologoyelpolitico.com.ar\/wordpress\/wp-json\/wp\/v2\/types\/post"}],"author":[{"embeddable":true,"href":"https:\/\/www.elpolitologoyelpolitico.com.ar\/wordpress\/wp-json\/wp\/v2\/users\/4"}],"replies":[{"embeddable":true,"href":"https:\/\/www.elpolitologoyelpolitico.com.ar\/wordpress\/wp-json\/wp\/v2\/comments?post=31235"}],"version-history":[{"count":0,"href":"https:\/\/www.elpolitologoyelpolitico.com.ar\/wordpress\/wp-json\/wp\/v2\/posts\/31235\/revisions"}],"wp:featuredmedia":[{"embeddable":true,"href":"https:\/\/www.elpolitologoyelpolitico.com.ar\/wordpress\/wp-json\/wp\/v2\/media\/31236"}],"wp:attachment":[{"href":"https:\/\/www.elpolitologoyelpolitico.com.ar\/wordpress\/wp-json\/wp\/v2\/media?parent=31235"}],"wp:term":[{"taxonomy":"category","embeddable":true,"href":"https:\/\/www.elpolitologoyelpolitico.com.ar\/wordpress\/wp-json\/wp\/v2\/categories?post=31235"},{"taxonomy":"post_tag","embeddable":true,"href":"https:\/\/www.elpolitologoyelpolitico.com.ar\/wordpress\/wp-json\/wp\/v2\/tags?post=31235"}],"curies":[{"name":"wp","href":"https:\/\/api.w.org\/{rel}","templated":true}]}}