{"id":31229,"date":"2023-05-30T10:40:58","date_gmt":"2023-05-30T10:40:58","guid":{"rendered":"https:\/\/www.elpolitologoyelpolitico.com.ar\/wordpress\/?p=31229"},"modified":"2023-05-30T10:40:59","modified_gmt":"2023-05-30T10:40:59","slug":"el-intendente-zara-presidio-el-acto-oficial-por-el-94-aniversario-de-la-localidad-de-villalonga","status":"publish","type":"post","link":"https:\/\/www.elpolitologoyelpolitico.com.ar\/wordpress\/2023\/05\/30\/el-intendente-zara-presidio-el-acto-oficial-por-el-94-aniversario-de-la-localidad-de-villalonga\/","title":{"rendered":"El Intendente Zara presidi\u00f3 el acto oficial por el 94\u00b0 aniversario de la localidad de Villalonga"},"content":{"rendered":"\n<p>El Intendente Municipal, Ing. Jos\u00e9 Luis Zara, presidi\u00f3 este lunes el acto oficial por el 94\u00b0aniversario de la localidad de Villalonga, que se realiz\u00f3 en la sede Club Social y Deportivo Villalonga.<\/p>\n\n\n\n<p>Estuvo acompa\u00f1ado por el Jefe de Gabinete, Fabio Bettinelli, la delegada municipal, Valeria M\u00e9ndez, funcionarios del gabinete municipal, concejales de los distintos bloques pol\u00edticos, autoridades educativas, referentes de las fuerzas de seguridad, instituciones intermedias y vecinos.<\/p>\n\n\n\n<p>El acto comenz\u00f3 con el ingreso al sal\u00f3n de las banderas de diversas instituciones, que engalanaron la ceremonia. Minutos despu\u00e9s se entonaron las estrofas del himno nacional interpretado por la banca de m\u00fasica de la Polic\u00eda de R\u00edo Negro.<\/p>\n\n\n\n<p>Luego, se expresaron los primeros pobladores de la localidad, que invitaron a los presentes a un recorrido por la historia y los hechos m\u00e1s destacados que forjaron la identidad del lugar.<\/p>\n\n\n\n<p>M\u00e1s adelante, se trasladaron los homenajes realizados por el Honorable Concejo Deliberante a vecinos destacados, entre ellos, a la Docente Emilia De la Rina y al Doctor Patricio Ferreyra, a quien se hizo entrega de la Ordenanza que determina la imposici\u00f3n del nombre \u201cDoctor Patricio Jos\u00e9 Ferreyra\u201d a la bici senda ubicada en la Pista de la Salud del acceso a Villalonga.<\/p>\n\n\n\n<p>Seguidamente, hizo uso de la palabra la delegada municipal, Valeria M\u00e9ndez: \u201cnos re\u00fane un nuevo aniversario de nuestra localidad e inevitablemente nos invita a reflexionar y celebrar a nuestros ancestros, quienes han logrado crear cimientos s\u00f3lidos, con convicciones y valores que mas all\u00e1 de los tiempos han perdurado y forjado la identidad de este hermoso lugar\u201d, expres\u00f3.<\/p>\n\n\n\n<p>Adem\u00e1s, a\u00f1adi\u00f3: \u201ccomo cada generaci\u00f3n tenemos el desaf\u00edo de mantener esas bases solidas y contribuir a sostener y mejorar la comunidad que somos. Somos villalonguenses aquellos tenaces que damos todo para que nuestros j\u00f3venes tengan alas enormes y nuestros mayores cuenten con orgullo sus historias\u201d.<\/p>\n\n\n\n<p>Asimismo, la delegada destac\u00f3 el respaldo a sus funciones de parte de la comunidad y agradeci\u00f3 el acompa\u00f1amiento constante del Intendente Zara, los empleados municipales y funcionarios e invit\u00f3 a los vecinos a seguir trabajando juntos para construir una ciudad mejor\u201d.<\/p>\n\n\n\n<p>Por su parte, el Intendente Zara afirm\u00f3: \u201ccomo cada 29 de mayo venimos con orgullo y alegr\u00eda a celebrar un nuevo aniversario de esta querida localidad de Villalonga. Veo a los primeros pobladores, hombres y mujeres que dieron su impronta, y quiero felicitarlos por los logros obtenidos durante todo este tiempo\u201d.<\/p>\n\n\n\n<p>Al mismo tiempo, el mandatario agreg\u00f3 que \u201ccomo toda comunidad que crece cuenta con el acompa\u00f1amiento del gobierno nacional, provincial y municipal, hace d\u00edas atr\u00e1s el gobierno provincial licitaba una obra importante para esta localidad y para Stroeder, la nueva planta potabilizadora. Es importante, porque beneficiar\u00e1 al sector p\u00fablico, como al privado. Tambi\u00e9n se que hay necesidad de tierras y les aseguro que en ese camino seguimos trabajando como lo hemos hecho en otras localidades del Partido\u201d.<\/p>\n\n\n\n<p>Adem\u00e1s, el Intendente resalt\u00f3 el rol fundamental de las instituciones educativas que acompa\u00f1an a diario el desarrollo de \u201cnuestros ni\u00f1os y j\u00f3venes, que son el futuro y el eje de gesti\u00f3n, en materia de educaci\u00f3n, donde hemos hecho edificios nuevos y distintas mejoras en la calidad educativa\u201d.<\/p>\n\n\n\n<p>En el mismo sentido, record\u00f3 el traslado del Centro Educativo Complementario N\u00b0 803 y la ampliaci\u00f3n del mismo, las mejoras en el hospital Eduardo Arancibia: donde se construyen m\u00e1s oficinas, consultorios , etc.<\/p>\n\n\n\n<p>M\u00e1s adelante, Zara anunci\u00f3 la incorporaci\u00f3n de una nueva ambulancia, luego de insistentes gestiones ante la provincia y, a continuaci\u00f3n, agradeci\u00f3 el compromiso de la delegaci\u00f3n municipal y de todo el equipo de trabajadores municipales, concejales y funcionarios de distintas \u00e1reas que trabajan de forma constante para la contenci\u00f3n de los j\u00f3venes, tanto en materia deportiva como cultural.<\/p>\n\n\n\n<p>Del mismo modo, el mandatario dedic\u00f3 un especial agradecimiento a la Comisi\u00f3n de Festejos y destac\u00f3 su excelente trabajo y su comprometida dedicaci\u00f3n a cada una de las celebraciones de la localidad.<\/p>\n\n\n\n<p>Para finalizar, el Intendente invit\u00f3 a los presentes \u201ca seguir juntos, en momentos dif\u00edciles donde tenemos que escucharnos y seguir trabajando por el desarrollo de Villalonga y de todo el partido\u201d.<\/p>\n\n\n\n<p>Para concluir la celebraci\u00f3n, los pobladores m\u00e1s antiguos, acompa\u00f1ados por el Intendente, la delegada y la se\u00f1ora Joana Heguy, presidenta de la Comisi\u00f3n de Festejos del Pueblo; cantaron el feliz cumplea\u00f1os y soplaron las velas de la torta de aniversario.<br>Como es tradici\u00f3n, el cierre fue con m\u00fasica, elegancia de la mano del taller Municipal de Folklore, en representaci\u00f3n de la Casa de la Cultura Viejo Hotel, dirigido por el Profesor Emanuel Mamani.<\/p>\n\n\n\n<figure class=\"wp-block-gallery has-nested-images columns-default is-cropped wp-block-gallery-1 is-layout-flex wp-block-gallery-is-layout-flex\">\n<figure class=\"wp-block-image size-large\"><img fetchpriority=\"high\" decoding=\"async\" width=\"478\" height=\"1024\" data-id=\"31232\" src=\"https:\/\/www.elpolitologoyelpolitico.com.ar\/wp-content\/uploads\/2023\/05\/IMG-20230530-WA0001-478x1024.jpg\" alt=\"\" class=\"wp-image-31232\" srcset=\"https:\/\/www.elpolitologoyelpolitico.com.ar\/wp-content\/uploads\/2023\/05\/IMG-20230530-WA0001-478x1024.jpg 478w, https:\/\/www.elpolitologoyelpolitico.com.ar\/wp-content\/uploads\/2023\/05\/IMG-20230530-WA0001-140x300.jpg 140w, https:\/\/www.elpolitologoyelpolitico.com.ar\/wp-content\/uploads\/2023\/05\/IMG-20230530-WA0001.jpg 597w\" sizes=\"(max-width: 478px) 100vw, 478px\" \/><\/figure>\n\n\n\n<figure class=\"wp-block-image size-large\"><img decoding=\"async\" width=\"576\" height=\"1024\" data-id=\"31233\" src=\"https:\/\/www.elpolitologoyelpolitico.com.ar\/wp-content\/uploads\/2023\/05\/IMG-20230530-WA0000-576x1024.jpg\" alt=\"\" class=\"wp-image-31233\" srcset=\"https:\/\/www.elpolitologoyelpolitico.com.ar\/wp-content\/uploads\/2023\/05\/IMG-20230530-WA0000-576x1024.jpg 576w, https:\/\/www.elpolitologoyelpolitico.com.ar\/wp-content\/uploads\/2023\/05\/IMG-20230530-WA0000-169x300.jpg 169w, https:\/\/www.elpolitologoyelpolitico.com.ar\/wp-content\/uploads\/2023\/05\/IMG-20230530-WA0000.jpg 720w\" sizes=\"(max-width: 576px) 100vw, 576px\" \/><\/figure>\n<\/figure>\n<div class=\"fb-background-color\">\n\t\t\t  <div \n\t\t\t  \tclass = \"fb-comments\" \n\t\t\t  \tdata-href = \"https:\/\/www.elpolitologoyelpolitico.com.ar\/wordpress\/2023\/05\/30\/el-intendente-zara-presidio-el-acto-oficial-por-el-94-aniversario-de-la-localidad-de-villalonga\/\"\n\t\t\t  \tdata-numposts = \"10\"\n\t\t\t  \tdata-lazy = \"true\"\n\t\t\t\tdata-colorscheme = \"light\"\n\t\t\t\tdata-order-by = \"social\"\n\t\t\t\tdata-mobile=true>\n\t\t\t  <\/div><\/div>\n\t\t  <style>\n\t\t    .fb-background-color {\n\t\t\t\tbackground: #ffffff !important;\n\t\t\t}\n\t\t\t.fb_iframe_widget_fluid_desktop iframe {\n\t\t\t    width: 100% !important;\n\t\t\t}\n\t\t  <\/style>\n\t\t  ","protected":false},"excerpt":{"rendered":"<p>El Intendente Municipal, Ing. Jos\u00e9 Luis Zara, presidi\u00f3 este lunes el acto oficial por el 94\u00b0aniversario de la localidad de Villalonga, que se realiz\u00f3 en la sede Club Social y Deportivo Villalonga. Estuvo acompa\u00f1ado por el Jefe de Gabinete, Fabio Bettinelli, la delegada municipal, Valeria M\u00e9ndez, funcionarios del gabinete municipal, concejales de los distintos bloques [&hellip;]<\/p>\n","protected":false},"author":4,"featured_media":31231,"comment_status":"closed","ping_status":"closed","sticky":false,"template":"","format":"standard","meta":{"_joinchat":[],"footnotes":""},"categories":[39],"tags":[],"class_list":["post-31229","post","type-post","status-publish","format-standard","has-post-thumbnail","hentry","category-en-esta-seccion"],"_links":{"self":[{"href":"https:\/\/www.elpolitologoyelpolitico.com.ar\/wordpress\/wp-json\/wp\/v2\/posts\/31229","targetHints":{"allow":["GET"]}}],"collection":[{"href":"https:\/\/www.elpolitologoyelpolitico.com.ar\/wordpress\/wp-json\/wp\/v2\/posts"}],"about":[{"href":"https:\/\/www.elpolitologoyelpolitico.com.ar\/wordpress\/wp-json\/wp\/v2\/types\/post"}],"author":[{"embeddable":true,"href":"https:\/\/www.elpolitologoyelpolitico.com.ar\/wordpress\/wp-json\/wp\/v2\/users\/4"}],"replies":[{"embeddable":true,"href":"https:\/\/www.elpolitologoyelpolitico.com.ar\/wordpress\/wp-json\/wp\/v2\/comments?post=31229"}],"version-history":[{"count":0,"href":"https:\/\/www.elpolitologoyelpolitico.com.ar\/wordpress\/wp-json\/wp\/v2\/posts\/31229\/revisions"}],"wp:featuredmedia":[{"embeddable":true,"href":"https:\/\/www.elpolitologoyelpolitico.com.ar\/wordpress\/wp-json\/wp\/v2\/media\/31231"}],"wp:attachment":[{"href":"https:\/\/www.elpolitologoyelpolitico.com.ar\/wordpress\/wp-json\/wp\/v2\/media?parent=31229"}],"wp:term":[{"taxonomy":"category","embeddable":true,"href":"https:\/\/www.elpolitologoyelpolitico.com.ar\/wordpress\/wp-json\/wp\/v2\/categories?post=31229"},{"taxonomy":"post_tag","embeddable":true,"href":"https:\/\/www.elpolitologoyelpolitico.com.ar\/wordpress\/wp-json\/wp\/v2\/tags?post=31229"}],"curies":[{"name":"wp","href":"https:\/\/api.w.org\/{rel}","templated":true}]}}