{"id":31222,"date":"2023-05-29T22:52:14","date_gmt":"2023-05-29T22:52:14","guid":{"rendered":"https:\/\/www.elpolitologoyelpolitico.com.ar\/wordpress\/?p=31222"},"modified":"2023-05-29T22:52:15","modified_gmt":"2023-05-29T22:52:15","slug":"continua-abierta-la-convocatoria-para-participar-de-la-8-edicion-del-despierta-rock","status":"publish","type":"post","link":"https:\/\/www.elpolitologoyelpolitico.com.ar\/wordpress\/2023\/05\/29\/continua-abierta-la-convocatoria-para-participar-de-la-8-edicion-del-despierta-rock\/","title":{"rendered":"Contin\u00faa abierta la convocatoria para participar de la 8\u00b0 edici\u00f3n del Despierta Rock"},"content":{"rendered":"\n<p>Hasta el 1 de junio se encuentra abierta la convocatoria para participar de la 8\u00b0 edici\u00f3n del festival solidario Despierta Rock, que se realizar\u00e1 el 16 y 17 de junio en la sala mayor del Centro Municipal&nbsp; Cultura.<\/p>\n\n\n\n<p>Con la participaci\u00f3n de seis bandas locales, intervenciones art\u00edsticas, proyecciones, radio abierta y talleres de formaci\u00f3n, quienes deseen inscribir su banda podr\u00e1n hacerlo al mail:&nbsp;despiertarock2022@gmail.com&nbsp;(enviando datos del grupo, fotos, link de audio o video, mp3).<\/p>\n\n\n\n<p>El viernes 16 de junio, desde las 10, durante todo el d\u00eda en el aula Alcides Biagetti del Centro Cultural se desarrollar\u00e1n los talleres de Canto Colectivo. La voz como instrumento. Eugenio Lujan, Taller de Bajo El\u00e9ctrico. Malena Nogues, Taller de Bater\u00eda. Martin Fogelman, Taller de Canciones. Gabriel Ardanaz, T\u00e9cnica de escenario. Cristian Montesino, Facundo Sarramone, Fotograf\u00eda de bandas. Pablo Leguizamon.<\/p>\n\n\n\n<p>Los interesados en participar de las capacitaciones pueden anotarse a trav\u00e9s del mail&nbsp;despiertarock2022@gmail.com&nbsp;o al Whatsapp: 2920614230 \/ 2213631361.<\/p>\n\n\n\n<p>El s\u00e1bado 17 de junio el escenario se abrir\u00e1 a partir de las 16 y las bandas comenzar\u00e1n a tocar a partir de las 17hs.<\/p>\n\n\n\n<p>Despierta Rock es un festival solidario, con la finalidad de recaudar la mayor cantidad posible de alimentos no perecederos, \u00fatiles escolares, abrigo de todo tipo, o lo que quieras donar para destinarlos a quienes m\u00e1s lo necesitan.<\/p>\n\n\n\n<p>Este a\u00f1o adem\u00e1s de contar con el apoyo del gobierno de Viedma y la Secretaria de Estado y Cultura de R\u00edo Negro, el festival cuenta con el acompa\u00f1amiento del Ministerio de Cultura de Nacion tras quedar seleccionados en el programa Gestionar Futuro 2022.<\/p>\n<div class=\"fb-background-color\">\n\t\t\t  <div \n\t\t\t  \tclass = \"fb-comments\" \n\t\t\t  \tdata-href = \"https:\/\/www.elpolitologoyelpolitico.com.ar\/wordpress\/2023\/05\/29\/continua-abierta-la-convocatoria-para-participar-de-la-8-edicion-del-despierta-rock\/\"\n\t\t\t  \tdata-numposts = \"10\"\n\t\t\t  \tdata-lazy = \"true\"\n\t\t\t\tdata-colorscheme = \"light\"\n\t\t\t\tdata-order-by = \"social\"\n\t\t\t\tdata-mobile=true>\n\t\t\t  <\/div><\/div>\n\t\t  <style>\n\t\t    .fb-background-color {\n\t\t\t\tbackground: #ffffff !important;\n\t\t\t}\n\t\t\t.fb_iframe_widget_fluid_desktop iframe {\n\t\t\t    width: 100% !important;\n\t\t\t}\n\t\t  <\/style>\n\t\t  ","protected":false},"excerpt":{"rendered":"<p>Hasta el 1 de junio se encuentra abierta la convocatoria para participar de la 8\u00b0 edici\u00f3n del festival solidario Despierta Rock, que se realizar\u00e1 el 16 y 17 de junio en la sala mayor del Centro Municipal&nbsp; Cultura. Con la participaci\u00f3n de seis bandas locales, intervenciones art\u00edsticas, proyecciones, radio abierta y talleres de formaci\u00f3n, quienes [&hellip;]<\/p>\n","protected":false},"author":4,"featured_media":31223,"comment_status":"closed","ping_status":"closed","sticky":false,"template":"","format":"standard","meta":{"_joinchat":[],"footnotes":""},"categories":[39],"tags":[],"class_list":["post-31222","post","type-post","status-publish","format-standard","has-post-thumbnail","hentry","category-en-esta-seccion"],"_links":{"self":[{"href":"https:\/\/www.elpolitologoyelpolitico.com.ar\/wordpress\/wp-json\/wp\/v2\/posts\/31222","targetHints":{"allow":["GET"]}}],"collection":[{"href":"https:\/\/www.elpolitologoyelpolitico.com.ar\/wordpress\/wp-json\/wp\/v2\/posts"}],"about":[{"href":"https:\/\/www.elpolitologoyelpolitico.com.ar\/wordpress\/wp-json\/wp\/v2\/types\/post"}],"author":[{"embeddable":true,"href":"https:\/\/www.elpolitologoyelpolitico.com.ar\/wordpress\/wp-json\/wp\/v2\/users\/4"}],"replies":[{"embeddable":true,"href":"https:\/\/www.elpolitologoyelpolitico.com.ar\/wordpress\/wp-json\/wp\/v2\/comments?post=31222"}],"version-history":[{"count":0,"href":"https:\/\/www.elpolitologoyelpolitico.com.ar\/wordpress\/wp-json\/wp\/v2\/posts\/31222\/revisions"}],"wp:featuredmedia":[{"embeddable":true,"href":"https:\/\/www.elpolitologoyelpolitico.com.ar\/wordpress\/wp-json\/wp\/v2\/media\/31223"}],"wp:attachment":[{"href":"https:\/\/www.elpolitologoyelpolitico.com.ar\/wordpress\/wp-json\/wp\/v2\/media?parent=31222"}],"wp:term":[{"taxonomy":"category","embeddable":true,"href":"https:\/\/www.elpolitologoyelpolitico.com.ar\/wordpress\/wp-json\/wp\/v2\/categories?post=31222"},{"taxonomy":"post_tag","embeddable":true,"href":"https:\/\/www.elpolitologoyelpolitico.com.ar\/wordpress\/wp-json\/wp\/v2\/tags?post=31222"}],"curies":[{"name":"wp","href":"https:\/\/api.w.org\/{rel}","templated":true}]}}