{"id":31219,"date":"2023-05-29T22:33:38","date_gmt":"2023-05-29T22:33:38","guid":{"rendered":"https:\/\/www.elpolitologoyelpolitico.com.ar\/wordpress\/?p=31219"},"modified":"2023-05-29T22:33:40","modified_gmt":"2023-05-29T22:33:40","slug":"ley-micaela-comienza-el-5-de-junio-la-2-aula-del-ano","status":"publish","type":"post","link":"https:\/\/www.elpolitologoyelpolitico.com.ar\/wordpress\/2023\/05\/29\/ley-micaela-comienza-el-5-de-junio-la-2-aula-del-ano\/","title":{"rendered":"Ley Micaela: comienza el 5 de junio la 2\u00b0 aula del a\u00f1o"},"content":{"rendered":"\n<p>Comienza el 5 de junio la nueva cohorte de Ley Micaela 2023 para agentes del poder ejecutivo provincial.<\/p>\n\n\n\n<p>Hasta el 1 de junio ten\u00e9s tiempo de anotarte en el siguiente link:&nbsp;https:\/\/forms.gle\/7t4JLmfqVUgkjaFA9. Si no pod\u00e9s hacerlo, comun\u00edcate con el \u00e1rea de recursos humanos de t\u00fa trabajo.<\/p>\n\n\n\n<p>Esta aula se mantendr\u00e1 en vigencia hasta el 25 de agosto y luego de esa fecha no se podr\u00e1 acceder, quien no haya terminado, deber\u00e1 volver a inscribirse e iniciarlo nuevamente.<\/p>\n\n\n\n<p>Aquellos que ya tengan usuario en la plataforma del IPAP, podr\u00e1n acceder con normalidad, mientras que, quienes nunca hayan ingresado, deber\u00e1n hacerlo utilizando su n\u00famero de DNI como usuario y contrase\u00f1a. Una vez finalizado el taller, se podr\u00e1 descargar el certificado.<\/p>\n\n\n\n<p>Este trayecto establece la capacitaci\u00f3n obligatoria en materia de g\u00e9neros y es una de las pol\u00edticas p\u00fablicas prioritarias de la actual gesti\u00f3n del gobierno provincial, tiene una metodolog\u00eda mixta con recorrido autogestionado y tutoreado, es obligatoria para todas las personas que trabajan en el Estado y es necesario para la recategorizaci\u00f3n en la carrera administrativa.<\/p>\n\n\n\n<p>Te dejamos el link de acceso a la plataforma:&nbsp;https:\/\/bit.ly\/40q2cTB<\/p>\n<div class=\"fb-background-color\">\n\t\t\t  <div \n\t\t\t  \tclass = \"fb-comments\" \n\t\t\t  \tdata-href = \"https:\/\/www.elpolitologoyelpolitico.com.ar\/wordpress\/2023\/05\/29\/ley-micaela-comienza-el-5-de-junio-la-2-aula-del-ano\/\"\n\t\t\t  \tdata-numposts = \"10\"\n\t\t\t  \tdata-lazy = \"true\"\n\t\t\t\tdata-colorscheme = \"light\"\n\t\t\t\tdata-order-by = \"social\"\n\t\t\t\tdata-mobile=true>\n\t\t\t  <\/div><\/div>\n\t\t  <style>\n\t\t    .fb-background-color {\n\t\t\t\tbackground: #ffffff !important;\n\t\t\t}\n\t\t\t.fb_iframe_widget_fluid_desktop iframe {\n\t\t\t    width: 100% !important;\n\t\t\t}\n\t\t  <\/style>\n\t\t  ","protected":false},"excerpt":{"rendered":"<p>Comienza el 5 de junio la nueva cohorte de Ley Micaela 2023 para agentes del poder ejecutivo provincial. Hasta el 1 de junio ten\u00e9s tiempo de anotarte en el siguiente link:&nbsp;https:\/\/forms.gle\/7t4JLmfqVUgkjaFA9. Si no pod\u00e9s hacerlo, comun\u00edcate con el \u00e1rea de recursos humanos de t\u00fa trabajo. Esta aula se mantendr\u00e1 en vigencia hasta el 25 de [&hellip;]<\/p>\n","protected":false},"author":4,"featured_media":31220,"comment_status":"closed","ping_status":"closed","sticky":false,"template":"","format":"standard","meta":{"_joinchat":[],"footnotes":""},"categories":[39],"tags":[],"class_list":["post-31219","post","type-post","status-publish","format-standard","has-post-thumbnail","hentry","category-en-esta-seccion"],"_links":{"self":[{"href":"https:\/\/www.elpolitologoyelpolitico.com.ar\/wordpress\/wp-json\/wp\/v2\/posts\/31219","targetHints":{"allow":["GET"]}}],"collection":[{"href":"https:\/\/www.elpolitologoyelpolitico.com.ar\/wordpress\/wp-json\/wp\/v2\/posts"}],"about":[{"href":"https:\/\/www.elpolitologoyelpolitico.com.ar\/wordpress\/wp-json\/wp\/v2\/types\/post"}],"author":[{"embeddable":true,"href":"https:\/\/www.elpolitologoyelpolitico.com.ar\/wordpress\/wp-json\/wp\/v2\/users\/4"}],"replies":[{"embeddable":true,"href":"https:\/\/www.elpolitologoyelpolitico.com.ar\/wordpress\/wp-json\/wp\/v2\/comments?post=31219"}],"version-history":[{"count":0,"href":"https:\/\/www.elpolitologoyelpolitico.com.ar\/wordpress\/wp-json\/wp\/v2\/posts\/31219\/revisions"}],"wp:featuredmedia":[{"embeddable":true,"href":"https:\/\/www.elpolitologoyelpolitico.com.ar\/wordpress\/wp-json\/wp\/v2\/media\/31220"}],"wp:attachment":[{"href":"https:\/\/www.elpolitologoyelpolitico.com.ar\/wordpress\/wp-json\/wp\/v2\/media?parent=31219"}],"wp:term":[{"taxonomy":"category","embeddable":true,"href":"https:\/\/www.elpolitologoyelpolitico.com.ar\/wordpress\/wp-json\/wp\/v2\/categories?post=31219"},{"taxonomy":"post_tag","embeddable":true,"href":"https:\/\/www.elpolitologoyelpolitico.com.ar\/wordpress\/wp-json\/wp\/v2\/tags?post=31219"}],"curies":[{"name":"wp","href":"https:\/\/api.w.org\/{rel}","templated":true}]}}