{"id":31213,"date":"2023-05-29T17:22:35","date_gmt":"2023-05-29T17:22:35","guid":{"rendered":"https:\/\/www.elpolitologoyelpolitico.com.ar\/wordpress\/?p=31213"},"modified":"2023-05-29T17:22:36","modified_gmt":"2023-05-29T17:22:36","slug":"continua-la-campana-de-castracion-gratuita-en-viedma","status":"publish","type":"post","link":"https:\/\/www.elpolitologoyelpolitico.com.ar\/wordpress\/2023\/05\/29\/continua-la-campana-de-castracion-gratuita-en-viedma\/","title":{"rendered":"CONTIN\u00daA LA CAMPA\u00d1A DE CASTRACI\u00d3N GRATUITA EN VIEDMA"},"content":{"rendered":"\n<p>Hoy comenz\u00f3 la jornada de castraci\u00f3n gratuita en Viedma.<\/p>\n\n\n\n<p>Varios vecinos se acercaron con su mascota para castrarlos y en algunos casos colocarles las vacunas.<\/p>\n\n\n\n<p>Ma\u00f1ana 30 de mayo sigue la jornada en Espacio Comunitario Transformando Futuros de 8:30 a 12:30. Hay que recordar que se reciben animales para castrar hasta las 11.30 hs.<\/p>\n\n\n\n<p>El 1 y 2 de junio la Jormada continua en la Junta Vecinal Barrio Jard\u00edn ubicado en Del Coihue esq. Del Guayac\u00e1n de 9 a 17 (se reciben animales para castrar hasta las 16 hs).<\/p>\n\n\n\n<p>Adem\u00e1s, se aplicaran vacunas antirrabicas, desparasitaci\u00f3n de amplio espectro, tratamiento para la sarna.<\/p>\n\n\n\n<p>Del 5 al 9 de junio la jornada se traslada al Espacio Cultural La Salamandra &#8211; Calle Del Puente Viejo de 8:30 a 12:30 (se reciben animales para castrar hasta las 11.30 hs)<\/p>\n\n\n\n<p><em>IMPORTANTE<\/em><\/p>\n\n\n\n<p>\u25cf Llevar los animales con 12hs de ayuno.<\/p>\n\n\n\n<p>\u25cf Gatos en o casas de transporte, mochila o caja.<\/p>\n\n\n\n<p>\u25cf Perros con correa y bozal.<\/p>\n\n\n\n<p>\u25cf Traer manta o frazada para envolverlos<\/p>\n<div class=\"fb-background-color\">\n\t\t\t  <div \n\t\t\t  \tclass = \"fb-comments\" \n\t\t\t  \tdata-href = \"https:\/\/www.elpolitologoyelpolitico.com.ar\/wordpress\/2023\/05\/29\/continua-la-campana-de-castracion-gratuita-en-viedma\/\"\n\t\t\t  \tdata-numposts = \"10\"\n\t\t\t  \tdata-lazy = \"true\"\n\t\t\t\tdata-colorscheme = \"light\"\n\t\t\t\tdata-order-by = \"social\"\n\t\t\t\tdata-mobile=true>\n\t\t\t  <\/div><\/div>\n\t\t  <style>\n\t\t    .fb-background-color {\n\t\t\t\tbackground: #ffffff !important;\n\t\t\t}\n\t\t\t.fb_iframe_widget_fluid_desktop iframe {\n\t\t\t    width: 100% !important;\n\t\t\t}\n\t\t  <\/style>\n\t\t  ","protected":false},"excerpt":{"rendered":"<p>Hoy comenz\u00f3 la jornada de castraci\u00f3n gratuita en Viedma. Varios vecinos se acercaron con su mascota para castrarlos y en algunos casos colocarles las vacunas. Ma\u00f1ana 30 de mayo sigue la jornada en Espacio Comunitario Transformando Futuros de 8:30 a 12:30. Hay que recordar que se reciben animales para castrar hasta las 11.30 hs. El [&hellip;]<\/p>\n","protected":false},"author":4,"featured_media":31214,"comment_status":"closed","ping_status":"closed","sticky":false,"template":"","format":"standard","meta":{"_joinchat":[],"footnotes":""},"categories":[39],"tags":[],"class_list":["post-31213","post","type-post","status-publish","format-standard","has-post-thumbnail","hentry","category-en-esta-seccion"],"_links":{"self":[{"href":"https:\/\/www.elpolitologoyelpolitico.com.ar\/wordpress\/wp-json\/wp\/v2\/posts\/31213","targetHints":{"allow":["GET"]}}],"collection":[{"href":"https:\/\/www.elpolitologoyelpolitico.com.ar\/wordpress\/wp-json\/wp\/v2\/posts"}],"about":[{"href":"https:\/\/www.elpolitologoyelpolitico.com.ar\/wordpress\/wp-json\/wp\/v2\/types\/post"}],"author":[{"embeddable":true,"href":"https:\/\/www.elpolitologoyelpolitico.com.ar\/wordpress\/wp-json\/wp\/v2\/users\/4"}],"replies":[{"embeddable":true,"href":"https:\/\/www.elpolitologoyelpolitico.com.ar\/wordpress\/wp-json\/wp\/v2\/comments?post=31213"}],"version-history":[{"count":0,"href":"https:\/\/www.elpolitologoyelpolitico.com.ar\/wordpress\/wp-json\/wp\/v2\/posts\/31213\/revisions"}],"wp:featuredmedia":[{"embeddable":true,"href":"https:\/\/www.elpolitologoyelpolitico.com.ar\/wordpress\/wp-json\/wp\/v2\/media\/31214"}],"wp:attachment":[{"href":"https:\/\/www.elpolitologoyelpolitico.com.ar\/wordpress\/wp-json\/wp\/v2\/media?parent=31213"}],"wp:term":[{"taxonomy":"category","embeddable":true,"href":"https:\/\/www.elpolitologoyelpolitico.com.ar\/wordpress\/wp-json\/wp\/v2\/categories?post=31213"},{"taxonomy":"post_tag","embeddable":true,"href":"https:\/\/www.elpolitologoyelpolitico.com.ar\/wordpress\/wp-json\/wp\/v2\/tags?post=31213"}],"curies":[{"name":"wp","href":"https:\/\/api.w.org\/{rel}","templated":true}]}}