{"id":31210,"date":"2023-05-29T17:09:01","date_gmt":"2023-05-29T17:09:01","guid":{"rendered":"https:\/\/www.elpolitologoyelpolitico.com.ar\/wordpress\/?p=31210"},"modified":"2023-05-29T17:09:03","modified_gmt":"2023-05-29T17:09:03","slug":"se-abre-la-inscripcion-para-acceder-a-terrenos-del-programa-un-lote-una-vivienda-3","status":"publish","type":"post","link":"https:\/\/www.elpolitologoyelpolitico.com.ar\/wordpress\/2023\/05\/29\/se-abre-la-inscripcion-para-acceder-a-terrenos-del-programa-un-lote-una-vivienda-3\/","title":{"rendered":"Se abre la inscripci\u00f3n para acceder a terrenos del programa \u00abUn lote, una vivienda\u00bb"},"content":{"rendered":"\n<p>La Municipalidad de Patagones informa que, hasta el 09 de junio, est\u00e1 abierta la inscripci\u00f3n para interesados en la compra de lotes recuperados por incumplimiento, del Programa \u201cUn Lote = Una Vivienda\u201d en Carmen de Patagones.<\/p>\n\n\n\n<p>Los requisitos son:<\/p>\n\n\n\n<p>\u2022 Estar inscripto, o inscribirse a tal efecto.<\/p>\n\n\n\n<p>\u2022 Ser ciudadano argentino, nativo o por opci\u00f3n.<\/p>\n\n\n\n<p>\u2022 Ser mayores de edad, que residan o trabajen en el Partido de Patagones.<\/p>\n\n\n\n<p>\u2022 No poseer propiedades inmuebles ninguno de los miembros del grupo conviviente<\/p>\n\n\n\n<p>Como el objetivo de las ventas es capitalizar el Programa para completar infraestructura faltante, tendr\u00e1n prioridad absoluta las ofertas de contado.<\/p>\n\n\n\n<p>Las medidas aproximadas de los lotes van de los 200 m2 (8x25m) a m\u00e1s de 300 m2 (+ 10&#215;30 m2).<\/p>\n\n\n\n<p>De acuerdo a su ubicaci\u00f3n, los lotes con infraestructura b\u00e1sica (agua, luz y alumbrado p\u00fablico), van desde $ 8.248 hasta los $ 10.722,4\/m2. Los que adem\u00e1s tienen red de desag\u00fces pluviales y cloacales, van desde los $ 10.782,07 a los 13.939,12\/m2.<\/p>\n\n\n\n<p>Compromisos:<\/p>\n\n\n\n<p>\u2022 Dar inicio a la construcci\u00f3n en un plazo no mayor a los 60 d\u00edas desde la asignaci\u00f3n del lote.<\/p>\n\n\n\n<p>\u2022 Concretar la construcci\u00f3n de la vivienda a trav\u00e9s de avances progresivos y continuos, en el plazo acordado en su correspondiente carpeta t\u00e9cnica (2 a\u00f1os es el m\u00e1ximo estimativo). La misma tendr\u00e1 el seguimiento del \u00c1rea Municipal de H\u00e1bitat, ubicada en la calle Bertorello esquina Roque S\u00e1enz Pe\u00f1a.<\/p>\n\n\n\n<p>Los tr\u00e1mites, tanto del programa \u00abUn lote, una vivienda\u00bb como del Procrear, se recepcionan en el horario de 08 a 12.<\/p>\n\n\n\n<p>M\u00e1s informaci\u00f3n y consultas: (2920)5582740\/15329159 o al correo: habitatdistancia@gmail.com.<\/p>\n<div class=\"fb-background-color\">\n\t\t\t  <div \n\t\t\t  \tclass = \"fb-comments\" \n\t\t\t  \tdata-href = \"https:\/\/www.elpolitologoyelpolitico.com.ar\/wordpress\/2023\/05\/29\/se-abre-la-inscripcion-para-acceder-a-terrenos-del-programa-un-lote-una-vivienda-3\/\"\n\t\t\t  \tdata-numposts = \"10\"\n\t\t\t  \tdata-lazy = \"true\"\n\t\t\t\tdata-colorscheme = \"light\"\n\t\t\t\tdata-order-by = \"social\"\n\t\t\t\tdata-mobile=true>\n\t\t\t  <\/div><\/div>\n\t\t  <style>\n\t\t    .fb-background-color {\n\t\t\t\tbackground: #ffffff !important;\n\t\t\t}\n\t\t\t.fb_iframe_widget_fluid_desktop iframe {\n\t\t\t    width: 100% !important;\n\t\t\t}\n\t\t  <\/style>\n\t\t  ","protected":false},"excerpt":{"rendered":"<p>La Municipalidad de Patagones informa que, hasta el 09 de junio, est\u00e1 abierta la inscripci\u00f3n para interesados en la compra de lotes recuperados por incumplimiento, del Programa \u201cUn Lote = Una Vivienda\u201d en Carmen de Patagones. Los requisitos son: \u2022 Estar inscripto, o inscribirse a tal efecto. \u2022 Ser ciudadano argentino, nativo o por opci\u00f3n. [&hellip;]<\/p>\n","protected":false},"author":4,"featured_media":31211,"comment_status":"closed","ping_status":"closed","sticky":false,"template":"","format":"standard","meta":{"_joinchat":[],"footnotes":""},"categories":[4],"tags":[],"class_list":["post-31210","post","type-post","status-publish","format-standard","has-post-thumbnail","hentry","category-politicas-publicas"],"_links":{"self":[{"href":"https:\/\/www.elpolitologoyelpolitico.com.ar\/wordpress\/wp-json\/wp\/v2\/posts\/31210","targetHints":{"allow":["GET"]}}],"collection":[{"href":"https:\/\/www.elpolitologoyelpolitico.com.ar\/wordpress\/wp-json\/wp\/v2\/posts"}],"about":[{"href":"https:\/\/www.elpolitologoyelpolitico.com.ar\/wordpress\/wp-json\/wp\/v2\/types\/post"}],"author":[{"embeddable":true,"href":"https:\/\/www.elpolitologoyelpolitico.com.ar\/wordpress\/wp-json\/wp\/v2\/users\/4"}],"replies":[{"embeddable":true,"href":"https:\/\/www.elpolitologoyelpolitico.com.ar\/wordpress\/wp-json\/wp\/v2\/comments?post=31210"}],"version-history":[{"count":0,"href":"https:\/\/www.elpolitologoyelpolitico.com.ar\/wordpress\/wp-json\/wp\/v2\/posts\/31210\/revisions"}],"wp:featuredmedia":[{"embeddable":true,"href":"https:\/\/www.elpolitologoyelpolitico.com.ar\/wordpress\/wp-json\/wp\/v2\/media\/31211"}],"wp:attachment":[{"href":"https:\/\/www.elpolitologoyelpolitico.com.ar\/wordpress\/wp-json\/wp\/v2\/media?parent=31210"}],"wp:term":[{"taxonomy":"category","embeddable":true,"href":"https:\/\/www.elpolitologoyelpolitico.com.ar\/wordpress\/wp-json\/wp\/v2\/categories?post=31210"},{"taxonomy":"post_tag","embeddable":true,"href":"https:\/\/www.elpolitologoyelpolitico.com.ar\/wordpress\/wp-json\/wp\/v2\/tags?post=31210"}],"curies":[{"name":"wp","href":"https:\/\/api.w.org\/{rel}","templated":true}]}}