{"id":31186,"date":"2023-05-28T16:47:15","date_gmt":"2023-05-28T16:47:15","guid":{"rendered":"https:\/\/www.elpolitologoyelpolitico.com.ar\/wordpress\/?p=31186"},"modified":"2023-05-28T16:47:17","modified_gmt":"2023-05-28T16:47:17","slug":"villalonga-de-festejo-por-un-nuevo-aniversario","status":"publish","type":"post","link":"https:\/\/www.elpolitologoyelpolitico.com.ar\/wordpress\/2023\/05\/28\/villalonga-de-festejo-por-un-nuevo-aniversario\/","title":{"rendered":"Villalonga de festejo por un nuevo aniversario"},"content":{"rendered":"\n<p>La localidad de Villalonga es escenario de m\u00faltiples actividades, en el marco de la celebraci\u00f3n de un nuevo aniversario, el pr\u00f3ximo lunes 29 de mayo.<\/p>\n\n\n\n<p>El viernes comenzaron los espect\u00e1culos musicales, con el show del primer ballet de tango de Bah\u00eda Blanca, integrado por Sergio Katz y Adriana, quienes deleitaron al p\u00fablico que se convoc\u00f3 en la Escuela Primaria 12.<\/p>\n\n\n\n<p>La actividad cont\u00f3 con la presencia del jefe de Gabinete, Fabio Bettinelli, la delegada municipal, Valeria M\u00e9ndez, y el Director de Cultura, Vicente Paredes.<\/p>\n\n\n\n<p>En tanto, el s\u00e1bado continu\u00f3 la agenda con un encuentro de motos en el predio del Ferrocarril, desde las 9 de la ma\u00f1ana, que incluy\u00f3 la exposici\u00f3n de los rodados, patio de comida y shows en vivo.<\/p>\n\n\n\n<p>All\u00ed estuvo presente el Intendente Municipal, Ing. Jos\u00e9 Luis Zara, el Jefe de Gabinete, Fabio Bettinelli, la delegada de la localidad, Valeria Mendez y el Director de Cultura, Vicente Paredes.<\/p>\n\n\n\n<p>Hoy domingo continuan las distintas actividades en Villalonga.<\/p>\n\n\n\n<figure class=\"wp-block-gallery has-nested-images columns-default is-cropped wp-block-gallery-1 is-layout-flex wp-block-gallery-is-layout-flex\">\n<figure class=\"wp-block-image size-large\"><img fetchpriority=\"high\" decoding=\"async\" width=\"374\" height=\"800\" data-id=\"31189\" src=\"https:\/\/www.elpolitologoyelpolitico.com.ar\/wp-content\/uploads\/2023\/05\/IMG-20230528-WA0006-1.jpg\" alt=\"\" class=\"wp-image-31189\" srcset=\"https:\/\/www.elpolitologoyelpolitico.com.ar\/wp-content\/uploads\/2023\/05\/IMG-20230528-WA0006-1.jpg 374w, https:\/\/www.elpolitologoyelpolitico.com.ar\/wp-content\/uploads\/2023\/05\/IMG-20230528-WA0006-1-140x300.jpg 140w\" sizes=\"(max-width: 374px) 100vw, 374px\" \/><\/figure>\n\n\n\n<figure class=\"wp-block-image size-large\"><img decoding=\"async\" width=\"720\" height=\"510\" data-id=\"31190\" src=\"https:\/\/www.elpolitologoyelpolitico.com.ar\/wp-content\/uploads\/2023\/05\/IMG-20230528-WA0007.jpg\" alt=\"\" class=\"wp-image-31190\" srcset=\"https:\/\/www.elpolitologoyelpolitico.com.ar\/wp-content\/uploads\/2023\/05\/IMG-20230528-WA0007.jpg 720w, https:\/\/www.elpolitologoyelpolitico.com.ar\/wp-content\/uploads\/2023\/05\/IMG-20230528-WA0007-300x213.jpg 300w\" sizes=\"(max-width: 720px) 100vw, 720px\" \/><\/figure>\n\n\n\n<figure class=\"wp-block-image size-large\"><img decoding=\"async\" width=\"720\" height=\"1017\" data-id=\"31191\" src=\"https:\/\/www.elpolitologoyelpolitico.com.ar\/wp-content\/uploads\/2023\/05\/IMG-20230528-WA0008.jpg\" alt=\"\" class=\"wp-image-31191\" srcset=\"https:\/\/www.elpolitologoyelpolitico.com.ar\/wp-content\/uploads\/2023\/05\/IMG-20230528-WA0008.jpg 720w, https:\/\/www.elpolitologoyelpolitico.com.ar\/wp-content\/uploads\/2023\/05\/IMG-20230528-WA0008-212x300.jpg 212w\" sizes=\"(max-width: 720px) 100vw, 720px\" \/><\/figure>\n\n\n\n<figure class=\"wp-block-image size-large\"><img loading=\"lazy\" decoding=\"async\" width=\"374\" height=\"800\" data-id=\"31192\" src=\"https:\/\/www.elpolitologoyelpolitico.com.ar\/wp-content\/uploads\/2023\/05\/IMG-20230528-WA0010.jpg\" alt=\"\" class=\"wp-image-31192\" srcset=\"https:\/\/www.elpolitologoyelpolitico.com.ar\/wp-content\/uploads\/2023\/05\/IMG-20230528-WA0010.jpg 374w, https:\/\/www.elpolitologoyelpolitico.com.ar\/wp-content\/uploads\/2023\/05\/IMG-20230528-WA0010-140x300.jpg 140w\" sizes=\"(max-width: 374px) 100vw, 374px\" \/><\/figure>\n<\/figure>\n<div class=\"fb-background-color\">\n\t\t\t  <div \n\t\t\t  \tclass = \"fb-comments\" \n\t\t\t  \tdata-href = \"https:\/\/www.elpolitologoyelpolitico.com.ar\/wordpress\/2023\/05\/28\/villalonga-de-festejo-por-un-nuevo-aniversario\/\"\n\t\t\t  \tdata-numposts = \"10\"\n\t\t\t  \tdata-lazy = \"true\"\n\t\t\t\tdata-colorscheme = \"light\"\n\t\t\t\tdata-order-by = \"social\"\n\t\t\t\tdata-mobile=true>\n\t\t\t  <\/div><\/div>\n\t\t  <style>\n\t\t    .fb-background-color {\n\t\t\t\tbackground: #ffffff !important;\n\t\t\t}\n\t\t\t.fb_iframe_widget_fluid_desktop iframe {\n\t\t\t    width: 100% !important;\n\t\t\t}\n\t\t  <\/style>\n\t\t  ","protected":false},"excerpt":{"rendered":"<p>La localidad de Villalonga es escenario de m\u00faltiples actividades, en el marco de la celebraci\u00f3n de un nuevo aniversario, el pr\u00f3ximo lunes 29 de mayo. El viernes comenzaron los espect\u00e1culos musicales, con el show del primer ballet de tango de Bah\u00eda Blanca, integrado por Sergio Katz y Adriana, quienes deleitaron al p\u00fablico que se convoc\u00f3 [&hellip;]<\/p>\n","protected":false},"author":4,"featured_media":31187,"comment_status":"closed","ping_status":"closed","sticky":false,"template":"","format":"standard","meta":{"_joinchat":[],"footnotes":""},"categories":[39],"tags":[],"class_list":["post-31186","post","type-post","status-publish","format-standard","has-post-thumbnail","hentry","category-en-esta-seccion"],"_links":{"self":[{"href":"https:\/\/www.elpolitologoyelpolitico.com.ar\/wordpress\/wp-json\/wp\/v2\/posts\/31186","targetHints":{"allow":["GET"]}}],"collection":[{"href":"https:\/\/www.elpolitologoyelpolitico.com.ar\/wordpress\/wp-json\/wp\/v2\/posts"}],"about":[{"href":"https:\/\/www.elpolitologoyelpolitico.com.ar\/wordpress\/wp-json\/wp\/v2\/types\/post"}],"author":[{"embeddable":true,"href":"https:\/\/www.elpolitologoyelpolitico.com.ar\/wordpress\/wp-json\/wp\/v2\/users\/4"}],"replies":[{"embeddable":true,"href":"https:\/\/www.elpolitologoyelpolitico.com.ar\/wordpress\/wp-json\/wp\/v2\/comments?post=31186"}],"version-history":[{"count":0,"href":"https:\/\/www.elpolitologoyelpolitico.com.ar\/wordpress\/wp-json\/wp\/v2\/posts\/31186\/revisions"}],"wp:featuredmedia":[{"embeddable":true,"href":"https:\/\/www.elpolitologoyelpolitico.com.ar\/wordpress\/wp-json\/wp\/v2\/media\/31187"}],"wp:attachment":[{"href":"https:\/\/www.elpolitologoyelpolitico.com.ar\/wordpress\/wp-json\/wp\/v2\/media?parent=31186"}],"wp:term":[{"taxonomy":"category","embeddable":true,"href":"https:\/\/www.elpolitologoyelpolitico.com.ar\/wordpress\/wp-json\/wp\/v2\/categories?post=31186"},{"taxonomy":"post_tag","embeddable":true,"href":"https:\/\/www.elpolitologoyelpolitico.com.ar\/wordpress\/wp-json\/wp\/v2\/tags?post=31186"}],"curies":[{"name":"wp","href":"https:\/\/api.w.org\/{rel}","templated":true}]}}