{"id":31181,"date":"2023-05-28T16:08:14","date_gmt":"2023-05-28T16:08:14","guid":{"rendered":"https:\/\/www.elpolitologoyelpolitico.com.ar\/wordpress\/?p=31181"},"modified":"2023-05-28T16:08:15","modified_gmt":"2023-05-28T16:08:15","slug":"la-gobernadora-recorrio-el-barrio-dos-de-abril-en-bariloche","status":"publish","type":"post","link":"https:\/\/www.elpolitologoyelpolitico.com.ar\/wordpress\/2023\/05\/28\/la-gobernadora-recorrio-el-barrio-dos-de-abril-en-bariloche\/","title":{"rendered":"La Gobernadora recorri\u00f3 el barrio Dos de Abril en Bariloche"},"content":{"rendered":"\n<p>La Gobernadora Arabela Carreras recorri\u00f3 este s\u00e1bado el barrio Dos de Abril, en el Alto de Bariloche, para conocer proyectos de ordenamiento de los vecinos e impulsar la normalizaci\u00f3n de algunos sectores para que puedan recibir servicios.<\/p>\n\n\n\n<p>Junto al Ministro de la Jefatura de Gabinete, Pablo Zucaro y el Secretario de Estado de Planificaci\u00f3n, Daniel Sanguinetti, dialog\u00f3 con los vecinos sobre las necesidades y riesgos m\u00e1s urgentes con la llegada del invierno.<\/p>\n\n\n\n<p>Las familias comentaron que el mayor temor apunta a la gran cantidad de conexiones irregulares a la red el\u00e9ctrica, que con la llegada de las temperaturas bajo cero y las nevadas suman masivamente equipos de calefacci\u00f3n, provocando cortocircuitos e incendios.<\/p>\n\n\n\n<p>La Mandataria describi\u00f3 las formas de intervenci\u00f3n que tiene el Estado ante las distintas situaciones, que deben contemplar la organizaci\u00f3n municipal y la disposici\u00f3n de la Cooperativa de Electricidad Bariloche.<\/p>\n\n\n\n<p>Destac\u00f3 que es fundamental acceder con todos los requisitos al Registro Nacional de Barrios Populares (RENABAP), que es el organismo que financia las obras de servicios.<\/p>\n\n\n\n<p>Agreg\u00f3 que la Provincia avanzar\u00e1 con tendidos de redes de agua y cloacas en el corto plazo en los sectores definidos por los vecinos, y analiz\u00f3 las posibilidades de reubicaci\u00f3n de algunas tomas por cuestiones de seguridad.<\/p>\n\n\n\n<p>\u201cDesde la Provincia, primero fomentamos la ocupaci\u00f3n regular de la tierra, con el programa R\u00edo Negro Suelo Urbano, que es lo que nos permite avanzar ordenadamente. Si es al rev\u00e9s, es muy complicado, no hay normativa, e intervienen otros factores\u201d, explic\u00f3 Carreras a las y los vecinos.<\/p>\n\n\n\n<figure class=\"wp-block-gallery has-nested-images columns-default is-cropped wp-block-gallery-1 is-layout-flex wp-block-gallery-is-layout-flex\">\n<figure class=\"wp-block-image size-large\"><img fetchpriority=\"high\" decoding=\"async\" width=\"1024\" height=\"682\" data-id=\"31183\" src=\"https:\/\/www.elpolitologoyelpolitico.com.ar\/wp-content\/uploads\/2023\/05\/IMG-20230528-WA0004-1024x682.jpg\" alt=\"\" class=\"wp-image-31183\" srcset=\"https:\/\/www.elpolitologoyelpolitico.com.ar\/wp-content\/uploads\/2023\/05\/IMG-20230528-WA0004-1024x682.jpg 1024w, https:\/\/www.elpolitologoyelpolitico.com.ar\/wp-content\/uploads\/2023\/05\/IMG-20230528-WA0004-300x200.jpg 300w, https:\/\/www.elpolitologoyelpolitico.com.ar\/wp-content\/uploads\/2023\/05\/IMG-20230528-WA0004-768x511.jpg 768w, https:\/\/www.elpolitologoyelpolitico.com.ar\/wp-content\/uploads\/2023\/05\/IMG-20230528-WA0004.jpg 1280w\" sizes=\"(max-width: 1024px) 100vw, 1024px\" \/><\/figure>\n\n\n\n<figure class=\"wp-block-image size-large\"><img decoding=\"async\" width=\"1024\" height=\"682\" data-id=\"31184\" src=\"https:\/\/www.elpolitologoyelpolitico.com.ar\/wp-content\/uploads\/2023\/05\/IMG-20230528-WA0003-1024x682.jpg\" alt=\"\" class=\"wp-image-31184\" srcset=\"https:\/\/www.elpolitologoyelpolitico.com.ar\/wp-content\/uploads\/2023\/05\/IMG-20230528-WA0003-1024x682.jpg 1024w, https:\/\/www.elpolitologoyelpolitico.com.ar\/wp-content\/uploads\/2023\/05\/IMG-20230528-WA0003-300x200.jpg 300w, https:\/\/www.elpolitologoyelpolitico.com.ar\/wp-content\/uploads\/2023\/05\/IMG-20230528-WA0003-768x512.jpg 768w, https:\/\/www.elpolitologoyelpolitico.com.ar\/wp-content\/uploads\/2023\/05\/IMG-20230528-WA0003.jpg 1280w\" sizes=\"(max-width: 1024px) 100vw, 1024px\" \/><\/figure>\n<\/figure>\n<div class=\"fb-background-color\">\n\t\t\t  <div \n\t\t\t  \tclass = \"fb-comments\" \n\t\t\t  \tdata-href = \"https:\/\/www.elpolitologoyelpolitico.com.ar\/wordpress\/2023\/05\/28\/la-gobernadora-recorrio-el-barrio-dos-de-abril-en-bariloche\/\"\n\t\t\t  \tdata-numposts = \"10\"\n\t\t\t  \tdata-lazy = \"true\"\n\t\t\t\tdata-colorscheme = \"light\"\n\t\t\t\tdata-order-by = \"social\"\n\t\t\t\tdata-mobile=true>\n\t\t\t  <\/div><\/div>\n\t\t  <style>\n\t\t    .fb-background-color {\n\t\t\t\tbackground: #ffffff !important;\n\t\t\t}\n\t\t\t.fb_iframe_widget_fluid_desktop iframe {\n\t\t\t    width: 100% !important;\n\t\t\t}\n\t\t  <\/style>\n\t\t  ","protected":false},"excerpt":{"rendered":"<p>La Gobernadora Arabela Carreras recorri\u00f3 este s\u00e1bado el barrio Dos de Abril, en el Alto de Bariloche, para conocer proyectos de ordenamiento de los vecinos e impulsar la normalizaci\u00f3n de algunos sectores para que puedan recibir servicios. Junto al Ministro de la Jefatura de Gabinete, Pablo Zucaro y el Secretario de Estado de Planificaci\u00f3n, Daniel [&hellip;]<\/p>\n","protected":false},"author":4,"featured_media":31182,"comment_status":"closed","ping_status":"closed","sticky":false,"template":"","format":"standard","meta":{"_joinchat":[],"footnotes":""},"categories":[39],"tags":[],"class_list":["post-31181","post","type-post","status-publish","format-standard","has-post-thumbnail","hentry","category-en-esta-seccion"],"_links":{"self":[{"href":"https:\/\/www.elpolitologoyelpolitico.com.ar\/wordpress\/wp-json\/wp\/v2\/posts\/31181","targetHints":{"allow":["GET"]}}],"collection":[{"href":"https:\/\/www.elpolitologoyelpolitico.com.ar\/wordpress\/wp-json\/wp\/v2\/posts"}],"about":[{"href":"https:\/\/www.elpolitologoyelpolitico.com.ar\/wordpress\/wp-json\/wp\/v2\/types\/post"}],"author":[{"embeddable":true,"href":"https:\/\/www.elpolitologoyelpolitico.com.ar\/wordpress\/wp-json\/wp\/v2\/users\/4"}],"replies":[{"embeddable":true,"href":"https:\/\/www.elpolitologoyelpolitico.com.ar\/wordpress\/wp-json\/wp\/v2\/comments?post=31181"}],"version-history":[{"count":0,"href":"https:\/\/www.elpolitologoyelpolitico.com.ar\/wordpress\/wp-json\/wp\/v2\/posts\/31181\/revisions"}],"wp:featuredmedia":[{"embeddable":true,"href":"https:\/\/www.elpolitologoyelpolitico.com.ar\/wordpress\/wp-json\/wp\/v2\/media\/31182"}],"wp:attachment":[{"href":"https:\/\/www.elpolitologoyelpolitico.com.ar\/wordpress\/wp-json\/wp\/v2\/media?parent=31181"}],"wp:term":[{"taxonomy":"category","embeddable":true,"href":"https:\/\/www.elpolitologoyelpolitico.com.ar\/wordpress\/wp-json\/wp\/v2\/categories?post=31181"},{"taxonomy":"post_tag","embeddable":true,"href":"https:\/\/www.elpolitologoyelpolitico.com.ar\/wordpress\/wp-json\/wp\/v2\/tags?post=31181"}],"curies":[{"name":"wp","href":"https:\/\/api.w.org\/{rel}","templated":true}]}}