{"id":31177,"date":"2023-05-27T18:16:23","date_gmt":"2023-05-27T18:16:23","guid":{"rendered":"https:\/\/www.elpolitologoyelpolitico.com.ar\/wordpress\/?p=31177"},"modified":"2023-05-27T18:16:25","modified_gmt":"2023-05-27T18:16:25","slug":"buen-comienzo-para-rio-negro-en-los-juegos-de-la-integracion","status":"publish","type":"post","link":"https:\/\/www.elpolitologoyelpolitico.com.ar\/wordpress\/2023\/05\/27\/buen-comienzo-para-rio-negro-en-los-juegos-de-la-integracion\/","title":{"rendered":"Buen comienzo para R\u00edo Negro en los Juegos de la Integraci\u00f3n"},"content":{"rendered":"\n<p>Este viernes la delegaci\u00f3n deportiva rionegrina tuvo un magn\u00edfico debut en la segunda edici\u00f3n de la competencia patag\u00f3nica que se lleva adelante en Puerto Madryn, Chubut y cosech\u00f3 10 preseas.<\/p>\n\n\n\n<p>Previamente, el jueves 25, tuvo lugar el acto de apertura d\u00f3nde estuvieron todos los y las.jovenes atletas participantes de las provincias de ela La Pampa, Santa Cruz, Tierra del Fuego, Neuqu\u00e9n, R\u00edo Negro y locales.<\/p>\n\n\n\n<p>En la primera jornada de competencia la Provincia se qued\u00f3 con cinco medallas en tenis de mesa, contando la modalidad convencional y la adaptada, dos en levantamiento ol\u00edmpico y tres en gimnasia art\u00edstica.<\/p>\n\n\n\n<p>R\u00edo Negro tuvo un buen inicio tambi\u00e9n el seleccionado de tenis que se meti\u00f3 en las semifinales de doble mixto, doble damas y dos semis individuales, una masculina y otra femenina. Mientras que tambi\u00e9n, durante este primer d\u00eda, compitieron los equipos de lucha ol\u00edmpica, b\u00e1dminton y tiro con arco.<\/p>\n\n\n\n<p>Por otra parte, hoy s\u00e1bado saldr\u00e1n a escena los seleccionados de escalada y taekwondo y el domingo ser\u00e1 el d\u00eda en que se conocer\u00e1 la cantidad final de medallas conseguida por cada provincia.<\/p>\n\n\n\n<p>De esta manera las y los j\u00f3venes rionegrinos disfrutan representando a la Provincia en una nueva competencia patag\u00f3nica, destinada a j\u00f3venes de hasta 17 a\u00f1os en la modalidad convencional, mientras que para los deportistas con discapacidad el rango etario es de 16 a 25 a\u00f1os.<\/p>\n\n\n\n<p>Medallas obtenidas en el 1\u00b0 D\u00eda<\/p>\n\n\n\n<p>Levantamiento ol\u00edmpico<br>Luna Lupia\u00f1ez &#8211; Bariloche &#8211; ORO<br>Yashira Molina Becker &#8211; El Bols\u00f3n &#8211; ORO<\/p>\n\n\n\n<p>Tenis de mesa adaptado<br>Gabriela Antiqueo &#8211; Viedma &#8211; ORO<br>Cristofer Espada &#8211; Bariloche &#8211; ORO<\/p>\n\n\n\n<p>Tenis de mesa convencional<br>Ciro Samsuk &#8211; Bariloche &#8211; ORO<br>Priscila Jara &#8211; Bariloche &#8211; PLATA<br>Cielo Alvarado &#8211; Bariloche &#8211; BRONCE<\/p>\n\n\n\n<p>Gimnasia art\u00edstica<br>ORO por equipos (masculino) Giuliano Paz y Juan Helling de General Roca.<br>BRONCE por equipos (femenino) Eluney L\u00f3pez, Lilen Ram\u00edrez y Maitena Bidegain de General Roca.<br>Giuliano Paz &#8211; General Roca &#8211; ORO <\/p>\n\n\n\n<figure class=\"wp-block-image size-full\"><img fetchpriority=\"high\" decoding=\"async\" width=\"750\" height=\"422\" src=\"https:\/\/www.elpolitologoyelpolitico.com.ar\/wp-content\/uploads\/2023\/05\/IMG-20230527-WA0013.jpg\" alt=\"\" class=\"wp-image-31179\" srcset=\"https:\/\/www.elpolitologoyelpolitico.com.ar\/wp-content\/uploads\/2023\/05\/IMG-20230527-WA0013.jpg 750w, https:\/\/www.elpolitologoyelpolitico.com.ar\/wp-content\/uploads\/2023\/05\/IMG-20230527-WA0013-300x169.jpg 300w\" sizes=\"(max-width: 750px) 100vw, 750px\" \/><\/figure>\n<div class=\"fb-background-color\">\n\t\t\t  <div \n\t\t\t  \tclass = \"fb-comments\" \n\t\t\t  \tdata-href = \"https:\/\/www.elpolitologoyelpolitico.com.ar\/wordpress\/2023\/05\/27\/buen-comienzo-para-rio-negro-en-los-juegos-de-la-integracion\/\"\n\t\t\t  \tdata-numposts = \"10\"\n\t\t\t  \tdata-lazy = \"true\"\n\t\t\t\tdata-colorscheme = \"light\"\n\t\t\t\tdata-order-by = \"social\"\n\t\t\t\tdata-mobile=true>\n\t\t\t  <\/div><\/div>\n\t\t  <style>\n\t\t    .fb-background-color {\n\t\t\t\tbackground: #ffffff !important;\n\t\t\t}\n\t\t\t.fb_iframe_widget_fluid_desktop iframe {\n\t\t\t    width: 100% !important;\n\t\t\t}\n\t\t  <\/style>\n\t\t  ","protected":false},"excerpt":{"rendered":"<p>Este viernes la delegaci\u00f3n deportiva rionegrina tuvo un magn\u00edfico debut en la segunda edici\u00f3n de la competencia patag\u00f3nica que se lleva adelante en Puerto Madryn, Chubut y cosech\u00f3 10 preseas. Previamente, el jueves 25, tuvo lugar el acto de apertura d\u00f3nde estuvieron todos los y las.jovenes atletas participantes de las provincias de ela La Pampa, [&hellip;]<\/p>\n","protected":false},"author":4,"featured_media":31178,"comment_status":"closed","ping_status":"closed","sticky":false,"template":"","format":"standard","meta":{"_joinchat":[],"footnotes":""},"categories":[39],"tags":[],"class_list":["post-31177","post","type-post","status-publish","format-standard","has-post-thumbnail","hentry","category-en-esta-seccion"],"_links":{"self":[{"href":"https:\/\/www.elpolitologoyelpolitico.com.ar\/wordpress\/wp-json\/wp\/v2\/posts\/31177","targetHints":{"allow":["GET"]}}],"collection":[{"href":"https:\/\/www.elpolitologoyelpolitico.com.ar\/wordpress\/wp-json\/wp\/v2\/posts"}],"about":[{"href":"https:\/\/www.elpolitologoyelpolitico.com.ar\/wordpress\/wp-json\/wp\/v2\/types\/post"}],"author":[{"embeddable":true,"href":"https:\/\/www.elpolitologoyelpolitico.com.ar\/wordpress\/wp-json\/wp\/v2\/users\/4"}],"replies":[{"embeddable":true,"href":"https:\/\/www.elpolitologoyelpolitico.com.ar\/wordpress\/wp-json\/wp\/v2\/comments?post=31177"}],"version-history":[{"count":0,"href":"https:\/\/www.elpolitologoyelpolitico.com.ar\/wordpress\/wp-json\/wp\/v2\/posts\/31177\/revisions"}],"wp:featuredmedia":[{"embeddable":true,"href":"https:\/\/www.elpolitologoyelpolitico.com.ar\/wordpress\/wp-json\/wp\/v2\/media\/31178"}],"wp:attachment":[{"href":"https:\/\/www.elpolitologoyelpolitico.com.ar\/wordpress\/wp-json\/wp\/v2\/media?parent=31177"}],"wp:term":[{"taxonomy":"category","embeddable":true,"href":"https:\/\/www.elpolitologoyelpolitico.com.ar\/wordpress\/wp-json\/wp\/v2\/categories?post=31177"},{"taxonomy":"post_tag","embeddable":true,"href":"https:\/\/www.elpolitologoyelpolitico.com.ar\/wordpress\/wp-json\/wp\/v2\/tags?post=31177"}],"curies":[{"name":"wp","href":"https:\/\/api.w.org\/{rel}","templated":true}]}}