{"id":31173,"date":"2023-05-27T18:06:24","date_gmt":"2023-05-27T18:06:24","guid":{"rendered":"https:\/\/www.elpolitologoyelpolitico.com.ar\/wordpress\/?p=31173"},"modified":"2023-05-27T18:06:25","modified_gmt":"2023-05-27T18:06:25","slug":"el-gobierno-de-axel-kicillof-entregara-una-nueva-ambulancia-en-patagones","status":"publish","type":"post","link":"https:\/\/www.elpolitologoyelpolitico.com.ar\/wordpress\/2023\/05\/27\/el-gobierno-de-axel-kicillof-entregara-una-nueva-ambulancia-en-patagones\/","title":{"rendered":"EL GOBIERNO DE AXEL KICILLOF ENTREGAR\u00c1 UNA NUEVA AMBULANCIA EN PATAGONES"},"content":{"rendered":"\n<p>Se suma a las m\u00e1s de 140 ambulancias que se est\u00e1n entregando en todos los Distritos<\/p>\n\n\n\n<p>Esta semana el Gobierno de la Provincia de Buenos Aires entregar\u00e1 una nueva ambulancia en el Distrito de Patagones, obtenida mediante instrucciones del Ministerio de Salud, conducido por el Dr. Nicolas Kreplak.<\/p>\n\n\n\n<p>Se trata de una unidad de traslado, que forma parte de la flota de&nbsp; veh\u00edculos enviados a todos los distritos de la&nbsp; provincia.&nbsp;&nbsp; Est\u00e1 equipada con: camilla con tabla, un tubo de oxigeno ultraliviano de 415 lts. de transporte, y otro de ox\u00edgeno central de 1 mts. c\u00fabico, con man\u00f3metro ultraliviano y central, silla de ruedas plegable, tensi\u00f3metro, estetoscopio, flumiter con frasco, un kit de primeros auxilios y otro de herramientas.<\/p>\n\n\n\n<p>Los Concejales del. Frente de. Todos destacan la presencia del Gobierno Provincial con pol\u00edticas que mejoran el sistema de salud p\u00fablica de Patagones, Salud tan abandonada por la gesti\u00f3n del actual intendente Jos\u00e9 Luis Zara.<\/p>\n\n\n\n<p>La llegada de esta ambulancia es resultado del fuerte compromiso&nbsp; del gobierno de Kicillof, con nuestro distrito y la b\u00fasqueda permanente de mejorar la calidad del servicio del estado, en est\u00e1 ocasi\u00f3n la salud, destacamos la presencia de la gesti\u00f3n en cada rinc\u00f3n de la provincia.<\/p>\n\n\n\n<p>Es un reflejo del compromiso con el bienestar y la salud de los habitantes de Carmen de Patagones, con esta nueva unidad, se mejorar\u00e1n los tiempos de respuesta en situaciones de emergencia m\u00e9dica y se garantizar\u00e1 una atenci\u00f3n oportuna y eficiente para todos aquellos que la requieran gracias a la intervenci\u00f3n del gobierno provincial.<\/p>\n\n\n\n<p>Desde el bloque de Concejales del Frente vde Todos agradecemos el apoyo y la colaboraci\u00f3n del gobierno provincial y reafirmamos nuestro compromiso de seguir trabajando en conjunto para garantizar la salud y el bienestar de todos los habitantes de Patagones.<\/p>\n\n\n\n<figure class=\"wp-block-image size-full\"><img fetchpriority=\"high\" decoding=\"async\" width=\"650\" height=\"487\" src=\"https:\/\/www.elpolitologoyelpolitico.com.ar\/wp-content\/uploads\/2023\/05\/IMG-20230527-WA0010.jpg\" alt=\"\" class=\"wp-image-31175\" srcset=\"https:\/\/www.elpolitologoyelpolitico.com.ar\/wp-content\/uploads\/2023\/05\/IMG-20230527-WA0010.jpg 650w, https:\/\/www.elpolitologoyelpolitico.com.ar\/wp-content\/uploads\/2023\/05\/IMG-20230527-WA0010-300x225.jpg 300w\" sizes=\"(max-width: 650px) 100vw, 650px\" \/><\/figure>\n<div class=\"fb-background-color\">\n\t\t\t  <div \n\t\t\t  \tclass = \"fb-comments\" \n\t\t\t  \tdata-href = \"https:\/\/www.elpolitologoyelpolitico.com.ar\/wordpress\/2023\/05\/27\/el-gobierno-de-axel-kicillof-entregara-una-nueva-ambulancia-en-patagones\/\"\n\t\t\t  \tdata-numposts = \"10\"\n\t\t\t  \tdata-lazy = \"true\"\n\t\t\t\tdata-colorscheme = \"light\"\n\t\t\t\tdata-order-by = \"social\"\n\t\t\t\tdata-mobile=true>\n\t\t\t  <\/div><\/div>\n\t\t  <style>\n\t\t    .fb-background-color {\n\t\t\t\tbackground: #ffffff !important;\n\t\t\t}\n\t\t\t.fb_iframe_widget_fluid_desktop iframe {\n\t\t\t    width: 100% !important;\n\t\t\t}\n\t\t  <\/style>\n\t\t  ","protected":false},"excerpt":{"rendered":"<p>Se suma a las m\u00e1s de 140 ambulancias que se est\u00e1n entregando en todos los Distritos Esta semana el Gobierno de la Provincia de Buenos Aires entregar\u00e1 una nueva ambulancia en el Distrito de Patagones, obtenida mediante instrucciones del Ministerio de Salud, conducido por el Dr. Nicolas Kreplak. Se trata de una unidad de traslado, [&hellip;]<\/p>\n","protected":false},"author":4,"featured_media":31174,"comment_status":"closed","ping_status":"closed","sticky":false,"template":"","format":"standard","meta":{"_joinchat":[],"footnotes":""},"categories":[4],"tags":[],"class_list":["post-31173","post","type-post","status-publish","format-standard","has-post-thumbnail","hentry","category-politicas-publicas"],"_links":{"self":[{"href":"https:\/\/www.elpolitologoyelpolitico.com.ar\/wordpress\/wp-json\/wp\/v2\/posts\/31173","targetHints":{"allow":["GET"]}}],"collection":[{"href":"https:\/\/www.elpolitologoyelpolitico.com.ar\/wordpress\/wp-json\/wp\/v2\/posts"}],"about":[{"href":"https:\/\/www.elpolitologoyelpolitico.com.ar\/wordpress\/wp-json\/wp\/v2\/types\/post"}],"author":[{"embeddable":true,"href":"https:\/\/www.elpolitologoyelpolitico.com.ar\/wordpress\/wp-json\/wp\/v2\/users\/4"}],"replies":[{"embeddable":true,"href":"https:\/\/www.elpolitologoyelpolitico.com.ar\/wordpress\/wp-json\/wp\/v2\/comments?post=31173"}],"version-history":[{"count":0,"href":"https:\/\/www.elpolitologoyelpolitico.com.ar\/wordpress\/wp-json\/wp\/v2\/posts\/31173\/revisions"}],"wp:featuredmedia":[{"embeddable":true,"href":"https:\/\/www.elpolitologoyelpolitico.com.ar\/wordpress\/wp-json\/wp\/v2\/media\/31174"}],"wp:attachment":[{"href":"https:\/\/www.elpolitologoyelpolitico.com.ar\/wordpress\/wp-json\/wp\/v2\/media?parent=31173"}],"wp:term":[{"taxonomy":"category","embeddable":true,"href":"https:\/\/www.elpolitologoyelpolitico.com.ar\/wordpress\/wp-json\/wp\/v2\/categories?post=31173"},{"taxonomy":"post_tag","embeddable":true,"href":"https:\/\/www.elpolitologoyelpolitico.com.ar\/wordpress\/wp-json\/wp\/v2\/tags?post=31173"}],"curies":[{"name":"wp","href":"https:\/\/api.w.org\/{rel}","templated":true}]}}