{"id":31164,"date":"2023-05-27T17:48:05","date_gmt":"2023-05-27T17:48:05","guid":{"rendered":"https:\/\/www.elpolitologoyelpolitico.com.ar\/wordpress\/?p=31164"},"modified":"2023-05-27T17:48:07","modified_gmt":"2023-05-27T17:48:07","slug":"avanza-el-proyecto-de-playas-inclusivas-en-viedma","status":"publish","type":"post","link":"https:\/\/www.elpolitologoyelpolitico.com.ar\/wordpress\/2023\/05\/27\/avanza-el-proyecto-de-playas-inclusivas-en-viedma\/","title":{"rendered":"Avanza el Proyecto de Playas Inclusivas en Viedma"},"content":{"rendered":"\n<p>Madres y padres de la Fundaci\u00f3n Te Acompa\u00f1amos junto a la concejal Silbana Cullumilla, mantuvieron una reuni\u00f3n con el Secretario de Servicios, Espacio P\u00fablico y Ambiente de Viedma, con el prop\u00f3sito de avanzar en el proyecto de Espacios P\u00fablicos Inclusivos.<\/p>\n\n\n\n<p>Desde hace un tiempo se viene trabajando en particular para que las familias TEA puedan acercar sus inquietudes al Municipio respecto del uso de plazas y espacios verdes seg\u00fan las necesidades particulares de inclusi\u00f3n, accesibilidad y seguridad para ni\u00f1as, ni\u00f1os y adolescentes.<\/p>\n\n\n\n<p>En particular se proyectan intervenciones en la Plazoleta de los Inmigrantes y el Barrio 30 de marzo, los cuales se seguir\u00e1n trabajando en su planificacion junto con las familias.<\/p>\n\n\n\n<figure class=\"wp-block-gallery has-nested-images columns-default is-cropped wp-block-gallery-1 is-layout-flex wp-block-gallery-is-layout-flex\">\n<figure class=\"wp-block-image size-large\"><img fetchpriority=\"high\" decoding=\"async\" width=\"720\" height=\"720\" data-id=\"31166\" src=\"https:\/\/www.elpolitologoyelpolitico.com.ar\/wp-content\/uploads\/2023\/05\/IMG-20230527-WA0007.jpg\" alt=\"\" class=\"wp-image-31166\" srcset=\"https:\/\/www.elpolitologoyelpolitico.com.ar\/wp-content\/uploads\/2023\/05\/IMG-20230527-WA0007.jpg 720w, https:\/\/www.elpolitologoyelpolitico.com.ar\/wp-content\/uploads\/2023\/05\/IMG-20230527-WA0007-300x300.jpg 300w, https:\/\/www.elpolitologoyelpolitico.com.ar\/wp-content\/uploads\/2023\/05\/IMG-20230527-WA0007-150x150.jpg 150w\" sizes=\"(max-width: 720px) 100vw, 720px\" \/><\/figure>\n\n\n\n<figure class=\"wp-block-image size-large\"><img decoding=\"async\" width=\"720\" height=\"720\" data-id=\"31167\" src=\"https:\/\/www.elpolitologoyelpolitico.com.ar\/wp-content\/uploads\/2023\/05\/IMG-20230527-WA0005.jpg\" alt=\"\" class=\"wp-image-31167\" srcset=\"https:\/\/www.elpolitologoyelpolitico.com.ar\/wp-content\/uploads\/2023\/05\/IMG-20230527-WA0005.jpg 720w, https:\/\/www.elpolitologoyelpolitico.com.ar\/wp-content\/uploads\/2023\/05\/IMG-20230527-WA0005-300x300.jpg 300w, https:\/\/www.elpolitologoyelpolitico.com.ar\/wp-content\/uploads\/2023\/05\/IMG-20230527-WA0005-150x150.jpg 150w\" sizes=\"(max-width: 720px) 100vw, 720px\" \/><\/figure>\n<\/figure>\n<div class=\"fb-background-color\">\n\t\t\t  <div \n\t\t\t  \tclass = \"fb-comments\" \n\t\t\t  \tdata-href = \"https:\/\/www.elpolitologoyelpolitico.com.ar\/wordpress\/2023\/05\/27\/avanza-el-proyecto-de-playas-inclusivas-en-viedma\/\"\n\t\t\t  \tdata-numposts = \"10\"\n\t\t\t  \tdata-lazy = \"true\"\n\t\t\t\tdata-colorscheme = \"light\"\n\t\t\t\tdata-order-by = \"social\"\n\t\t\t\tdata-mobile=true>\n\t\t\t  <\/div><\/div>\n\t\t  <style>\n\t\t    .fb-background-color {\n\t\t\t\tbackground: #ffffff !important;\n\t\t\t}\n\t\t\t.fb_iframe_widget_fluid_desktop iframe {\n\t\t\t    width: 100% !important;\n\t\t\t}\n\t\t  <\/style>\n\t\t  ","protected":false},"excerpt":{"rendered":"<p>Madres y padres de la Fundaci\u00f3n Te Acompa\u00f1amos junto a la concejal Silbana Cullumilla, mantuvieron una reuni\u00f3n con el Secretario de Servicios, Espacio P\u00fablico y Ambiente de Viedma, con el prop\u00f3sito de avanzar en el proyecto de Espacios P\u00fablicos Inclusivos. Desde hace un tiempo se viene trabajando en particular para que las familias TEA puedan [&hellip;]<\/p>\n","protected":false},"author":4,"featured_media":31165,"comment_status":"closed","ping_status":"closed","sticky":false,"template":"","format":"standard","meta":{"_joinchat":[],"footnotes":""},"categories":[39],"tags":[],"class_list":["post-31164","post","type-post","status-publish","format-standard","has-post-thumbnail","hentry","category-en-esta-seccion"],"_links":{"self":[{"href":"https:\/\/www.elpolitologoyelpolitico.com.ar\/wordpress\/wp-json\/wp\/v2\/posts\/31164","targetHints":{"allow":["GET"]}}],"collection":[{"href":"https:\/\/www.elpolitologoyelpolitico.com.ar\/wordpress\/wp-json\/wp\/v2\/posts"}],"about":[{"href":"https:\/\/www.elpolitologoyelpolitico.com.ar\/wordpress\/wp-json\/wp\/v2\/types\/post"}],"author":[{"embeddable":true,"href":"https:\/\/www.elpolitologoyelpolitico.com.ar\/wordpress\/wp-json\/wp\/v2\/users\/4"}],"replies":[{"embeddable":true,"href":"https:\/\/www.elpolitologoyelpolitico.com.ar\/wordpress\/wp-json\/wp\/v2\/comments?post=31164"}],"version-history":[{"count":0,"href":"https:\/\/www.elpolitologoyelpolitico.com.ar\/wordpress\/wp-json\/wp\/v2\/posts\/31164\/revisions"}],"wp:featuredmedia":[{"embeddable":true,"href":"https:\/\/www.elpolitologoyelpolitico.com.ar\/wordpress\/wp-json\/wp\/v2\/media\/31165"}],"wp:attachment":[{"href":"https:\/\/www.elpolitologoyelpolitico.com.ar\/wordpress\/wp-json\/wp\/v2\/media?parent=31164"}],"wp:term":[{"taxonomy":"category","embeddable":true,"href":"https:\/\/www.elpolitologoyelpolitico.com.ar\/wordpress\/wp-json\/wp\/v2\/categories?post=31164"},{"taxonomy":"post_tag","embeddable":true,"href":"https:\/\/www.elpolitologoyelpolitico.com.ar\/wordpress\/wp-json\/wp\/v2\/tags?post=31164"}],"curies":[{"name":"wp","href":"https:\/\/api.w.org\/{rel}","templated":true}]}}