{"id":31161,"date":"2023-05-27T17:38:38","date_gmt":"2023-05-27T17:38:38","guid":{"rendered":"https:\/\/www.elpolitologoyelpolitico.com.ar\/wordpress\/?p=31161"},"modified":"2023-05-27T17:38:40","modified_gmt":"2023-05-27T17:38:40","slug":"viedma-continua-abierta-la-convocatoria-para-participar-del-despierta-rock","status":"publish","type":"post","link":"https:\/\/www.elpolitologoyelpolitico.com.ar\/wordpress\/2023\/05\/27\/viedma-continua-abierta-la-convocatoria-para-participar-del-despierta-rock\/","title":{"rendered":"Viedma: contin\u00faa abierta la convocatoria para participar del Despierta Rock"},"content":{"rendered":"\n<p>Hasta el 1 de junio, bandas locales de Viedma y Carmen de Patagones con canciones propias podr\u00e1n inscribirse para formar parte de la 8\u00aa edici\u00f3n del Festival Despierta Rock que se realizar\u00e1 el 16 y 17 de junio con el acompa\u00f1amiento de la Secretar\u00eda de Estado de Cultura.<\/p>\n\n\n\n<p>El evento tiene como fin recaudar la mayor cantidad posible de alimentos no perecederos, \u00fatiles escolares y abrigo de todo tipo para distribuirlos en los distintos barrios de la ciudad.<\/p>\n\n\n\n<p>Ser\u00e1n seis las bandas que ser\u00e1n seleccionadas para presentarse en el Centro Municipal de Cultura de Viedma el 17 de junio a partir de las 17. All\u00ed, adem\u00e1s de las presentaciones musicales habr\u00e1 intervenciones art\u00edsticas, proyecciones, radio abierta y talleres de formaci\u00f3n.&nbsp;<\/p>\n\n\n\n<p>Las bandas interesadas en inscribirse deber\u00e1n enviar nombre, formaci\u00f3n, estilo y link con audio o video al correo despiertarock2022@gmail.com con fecha l\u00edmite el 1 de junio. Para m\u00e1s informaci\u00f3n sobre el evento podr\u00e1n comunicarse tambi\u00e9n al perfil de Instagram&nbsp;@despiertarock_&nbsp;o a los tel\u00e9fonos 2920614230 \/&nbsp;2213631361<\/p>\n\n\n\n<p>Las actividades de formaci\u00f3n tendr\u00e1n lugar el viernes 16 en la Sala Biagetti del Centro Municipal de Cultura y tambi\u00e9n requerir\u00e1n previa al correo y\/o tel\u00e9fonos indicados.<\/p>\n\n\n\n<p>Este a\u00f1o, el Festival tambi\u00e9n cuenta con el apoyo del Ministerio de Cultura de la Naci\u00f3n tras quedar seleccionados en el programa Gestionar Futuro 2022 y con la Municipalidad de Viedma.<\/p>\n\n\n\n<p><em>Cronograma de talleres del d\u00eda 16 de junio<\/em><\/p>\n\n\n\n<p>10 a 12hs &#8211; \u201cLa voz como instrumento\u201d, canto colectivo a cargo de Eugenio Lujan.<\/p>\n\n\n\n<p>12 a 14hs &#8211; \u201cTaller de canciones\u201d a cargo de Gabriel Ardanaz.<\/p>\n\n\n\n<p>14 a 16hs &#8211; \u201cTaller bajo el\u00e9ctrico\u201d a cargo de Malena Nogues.<\/p>\n\n\n\n<p>16 a 18hs &#8211; \u201cTaller de Bater\u00eda\u201d a cargo de Mart\u00edn Fogelman.<\/p>\n\n\n\n<p>18 a 20hs &#8211; \u201cTaller de fotograf\u00eda de bandas\u201d. Facilita Pablo Leguizam\u00f3n.<\/p>\n\n\n\n<p>18 a 20hs &#8211; T\u00cdMPANO + INAMU.<\/p>\n<div class=\"fb-background-color\">\n\t\t\t  <div \n\t\t\t  \tclass = \"fb-comments\" \n\t\t\t  \tdata-href = \"https:\/\/www.elpolitologoyelpolitico.com.ar\/wordpress\/2023\/05\/27\/viedma-continua-abierta-la-convocatoria-para-participar-del-despierta-rock\/\"\n\t\t\t  \tdata-numposts = \"10\"\n\t\t\t  \tdata-lazy = \"true\"\n\t\t\t\tdata-colorscheme = \"light\"\n\t\t\t\tdata-order-by = \"social\"\n\t\t\t\tdata-mobile=true>\n\t\t\t  <\/div><\/div>\n\t\t  <style>\n\t\t    .fb-background-color {\n\t\t\t\tbackground: #ffffff !important;\n\t\t\t}\n\t\t\t.fb_iframe_widget_fluid_desktop iframe {\n\t\t\t    width: 100% !important;\n\t\t\t}\n\t\t  <\/style>\n\t\t  ","protected":false},"excerpt":{"rendered":"<p>Hasta el 1 de junio, bandas locales de Viedma y Carmen de Patagones con canciones propias podr\u00e1n inscribirse para formar parte de la 8\u00aa edici\u00f3n del Festival Despierta Rock que se realizar\u00e1 el 16 y 17 de junio con el acompa\u00f1amiento de la Secretar\u00eda de Estado de Cultura. El evento tiene como fin recaudar la [&hellip;]<\/p>\n","protected":false},"author":4,"featured_media":31162,"comment_status":"closed","ping_status":"closed","sticky":false,"template":"","format":"standard","meta":{"_joinchat":[],"footnotes":""},"categories":[4],"tags":[],"class_list":["post-31161","post","type-post","status-publish","format-standard","has-post-thumbnail","hentry","category-politicas-publicas"],"_links":{"self":[{"href":"https:\/\/www.elpolitologoyelpolitico.com.ar\/wordpress\/wp-json\/wp\/v2\/posts\/31161","targetHints":{"allow":["GET"]}}],"collection":[{"href":"https:\/\/www.elpolitologoyelpolitico.com.ar\/wordpress\/wp-json\/wp\/v2\/posts"}],"about":[{"href":"https:\/\/www.elpolitologoyelpolitico.com.ar\/wordpress\/wp-json\/wp\/v2\/types\/post"}],"author":[{"embeddable":true,"href":"https:\/\/www.elpolitologoyelpolitico.com.ar\/wordpress\/wp-json\/wp\/v2\/users\/4"}],"replies":[{"embeddable":true,"href":"https:\/\/www.elpolitologoyelpolitico.com.ar\/wordpress\/wp-json\/wp\/v2\/comments?post=31161"}],"version-history":[{"count":0,"href":"https:\/\/www.elpolitologoyelpolitico.com.ar\/wordpress\/wp-json\/wp\/v2\/posts\/31161\/revisions"}],"wp:featuredmedia":[{"embeddable":true,"href":"https:\/\/www.elpolitologoyelpolitico.com.ar\/wordpress\/wp-json\/wp\/v2\/media\/31162"}],"wp:attachment":[{"href":"https:\/\/www.elpolitologoyelpolitico.com.ar\/wordpress\/wp-json\/wp\/v2\/media?parent=31161"}],"wp:term":[{"taxonomy":"category","embeddable":true,"href":"https:\/\/www.elpolitologoyelpolitico.com.ar\/wordpress\/wp-json\/wp\/v2\/categories?post=31161"},{"taxonomy":"post_tag","embeddable":true,"href":"https:\/\/www.elpolitologoyelpolitico.com.ar\/wordpress\/wp-json\/wp\/v2\/tags?post=31161"}],"curies":[{"name":"wp","href":"https:\/\/api.w.org\/{rel}","templated":true}]}}