{"id":31155,"date":"2023-05-27T17:08:08","date_gmt":"2023-05-27T17:08:08","guid":{"rendered":"https:\/\/www.elpolitologoyelpolitico.com.ar\/wordpress\/?p=31155"},"modified":"2023-05-27T17:08:10","modified_gmt":"2023-05-27T17:08:10","slug":"alerta-venta-ilegal-ambulante-a-nombre-de-cotravili","status":"publish","type":"post","link":"https:\/\/www.elpolitologoyelpolitico.com.ar\/wordpress\/2023\/05\/27\/alerta-venta-ilegal-ambulante-a-nombre-de-cotravili\/","title":{"rendered":"ALERTA: Venta ilegal ambulante a nombre de Cotravili"},"content":{"rendered":"\n<p>El Gobierno de Viedma advirti\u00f3 sobre la venta ilegal de bolsas de residuos en nombre de la Municipalidad y de la empresa Cotravili.<\/p>\n\n\n\n<p>El secretario de Espacios P\u00fablicos, Servicios y Ambiente de la Municipalidad, Gast\u00f3n Guti\u00e9rrez, inst\u00f3 a los vecinos a no aceptar esta oferta y reportar cualquier intento de venta.<\/p>\n\n\n\n<p>\u00abNi el Municipio, ni la empresa, est\u00e1n autorizados a hacer operaciones de este tipo, por lo tanto corresponde hacer la denuncia\u00bb, dijo Guti\u00e9rrez.<\/p>\n<div class=\"fb-background-color\">\n\t\t\t  <div \n\t\t\t  \tclass = \"fb-comments\" \n\t\t\t  \tdata-href = \"https:\/\/www.elpolitologoyelpolitico.com.ar\/wordpress\/2023\/05\/27\/alerta-venta-ilegal-ambulante-a-nombre-de-cotravili\/\"\n\t\t\t  \tdata-numposts = \"10\"\n\t\t\t  \tdata-lazy = \"true\"\n\t\t\t\tdata-colorscheme = \"light\"\n\t\t\t\tdata-order-by = \"social\"\n\t\t\t\tdata-mobile=true>\n\t\t\t  <\/div><\/div>\n\t\t  <style>\n\t\t    .fb-background-color {\n\t\t\t\tbackground: #ffffff !important;\n\t\t\t}\n\t\t\t.fb_iframe_widget_fluid_desktop iframe {\n\t\t\t    width: 100% !important;\n\t\t\t}\n\t\t  <\/style>\n\t\t  ","protected":false},"excerpt":{"rendered":"<p>El Gobierno de Viedma advirti\u00f3 sobre la venta ilegal de bolsas de residuos en nombre de la Municipalidad y de la empresa Cotravili. El secretario de Espacios P\u00fablicos, Servicios y Ambiente de la Municipalidad, Gast\u00f3n Guti\u00e9rrez, inst\u00f3 a los vecinos a no aceptar esta oferta y reportar cualquier intento de venta. \u00abNi el Municipio, ni [&hellip;]<\/p>\n","protected":false},"author":4,"featured_media":31156,"comment_status":"closed","ping_status":"closed","sticky":false,"template":"","format":"standard","meta":{"_joinchat":[],"footnotes":""},"categories":[39],"tags":[],"class_list":["post-31155","post","type-post","status-publish","format-standard","has-post-thumbnail","hentry","category-en-esta-seccion"],"_links":{"self":[{"href":"https:\/\/www.elpolitologoyelpolitico.com.ar\/wordpress\/wp-json\/wp\/v2\/posts\/31155","targetHints":{"allow":["GET"]}}],"collection":[{"href":"https:\/\/www.elpolitologoyelpolitico.com.ar\/wordpress\/wp-json\/wp\/v2\/posts"}],"about":[{"href":"https:\/\/www.elpolitologoyelpolitico.com.ar\/wordpress\/wp-json\/wp\/v2\/types\/post"}],"author":[{"embeddable":true,"href":"https:\/\/www.elpolitologoyelpolitico.com.ar\/wordpress\/wp-json\/wp\/v2\/users\/4"}],"replies":[{"embeddable":true,"href":"https:\/\/www.elpolitologoyelpolitico.com.ar\/wordpress\/wp-json\/wp\/v2\/comments?post=31155"}],"version-history":[{"count":0,"href":"https:\/\/www.elpolitologoyelpolitico.com.ar\/wordpress\/wp-json\/wp\/v2\/posts\/31155\/revisions"}],"wp:featuredmedia":[{"embeddable":true,"href":"https:\/\/www.elpolitologoyelpolitico.com.ar\/wordpress\/wp-json\/wp\/v2\/media\/31156"}],"wp:attachment":[{"href":"https:\/\/www.elpolitologoyelpolitico.com.ar\/wordpress\/wp-json\/wp\/v2\/media?parent=31155"}],"wp:term":[{"taxonomy":"category","embeddable":true,"href":"https:\/\/www.elpolitologoyelpolitico.com.ar\/wordpress\/wp-json\/wp\/v2\/categories?post=31155"},{"taxonomy":"post_tag","embeddable":true,"href":"https:\/\/www.elpolitologoyelpolitico.com.ar\/wordpress\/wp-json\/wp\/v2\/tags?post=31155"}],"curies":[{"name":"wp","href":"https:\/\/api.w.org\/{rel}","templated":true}]}}