{"id":31152,"date":"2023-05-27T16:37:00","date_gmt":"2023-05-27T16:37:00","guid":{"rendered":"https:\/\/www.elpolitologoyelpolitico.com.ar\/wordpress\/?p=31152"},"modified":"2023-05-27T16:37:02","modified_gmt":"2023-05-27T16:37:02","slug":"el-3-de-junio-comenzara-el-pago-al-personal-estatal-rionegrino","status":"publish","type":"post","link":"https:\/\/www.elpolitologoyelpolitico.com.ar\/wordpress\/2023\/05\/27\/el-3-de-junio-comenzara-el-pago-al-personal-estatal-rionegrino\/","title":{"rendered":"El 3 de junio comenzar\u00e1 el pago al personal estatal rionegrino"},"content":{"rendered":"\n<p>El pr\u00f3ximo s\u00e1bado 3 de junio comenzar\u00e1 el pago de los salarios a las y los agentes de la Administraci\u00f3n P\u00fablica Provincial, con el dep\u00f3sito al sector de Salud, inclu\u00eddas las horas extras y las guardias.<\/p>\n\n\n\n<p>El cronograma continuar\u00e1 martes 6 con el sector policial y penitenciario, mientras que el mi\u00e9rcoles 7 se abonar\u00e1n los haberes de los docentes y porteros.<\/p>\n\n\n\n<p>El personal enmarcado en la Ley 1844 y de Vialidad Rionegrina tendr\u00e1n sus salarios depositados el jueves 8. Ese d\u00eda tambi\u00e9n se abonar\u00e1n las pensiones para Bomberos Voluntarios.<\/p>\n\n\n\n<p>Finalmente, el viernes 9 percibir\u00e1n sus haberes los empelados de los Poderes Legislativo y Judicial, y Organismos de Control.<\/p>\n<div class=\"fb-background-color\">\n\t\t\t  <div \n\t\t\t  \tclass = \"fb-comments\" \n\t\t\t  \tdata-href = \"https:\/\/www.elpolitologoyelpolitico.com.ar\/wordpress\/2023\/05\/27\/el-3-de-junio-comenzara-el-pago-al-personal-estatal-rionegrino\/\"\n\t\t\t  \tdata-numposts = \"10\"\n\t\t\t  \tdata-lazy = \"true\"\n\t\t\t\tdata-colorscheme = \"light\"\n\t\t\t\tdata-order-by = \"social\"\n\t\t\t\tdata-mobile=true>\n\t\t\t  <\/div><\/div>\n\t\t  <style>\n\t\t    .fb-background-color {\n\t\t\t\tbackground: #ffffff !important;\n\t\t\t}\n\t\t\t.fb_iframe_widget_fluid_desktop iframe {\n\t\t\t    width: 100% !important;\n\t\t\t}\n\t\t  <\/style>\n\t\t  ","protected":false},"excerpt":{"rendered":"<p>El pr\u00f3ximo s\u00e1bado 3 de junio comenzar\u00e1 el pago de los salarios a las y los agentes de la Administraci\u00f3n P\u00fablica Provincial, con el dep\u00f3sito al sector de Salud, inclu\u00eddas las horas extras y las guardias. El cronograma continuar\u00e1 martes 6 con el sector policial y penitenciario, mientras que el mi\u00e9rcoles 7 se abonar\u00e1n los [&hellip;]<\/p>\n","protected":false},"author":4,"featured_media":31153,"comment_status":"closed","ping_status":"closed","sticky":false,"template":"","format":"standard","meta":{"_joinchat":[],"footnotes":""},"categories":[39],"tags":[],"class_list":["post-31152","post","type-post","status-publish","format-standard","has-post-thumbnail","hentry","category-en-esta-seccion"],"_links":{"self":[{"href":"https:\/\/www.elpolitologoyelpolitico.com.ar\/wordpress\/wp-json\/wp\/v2\/posts\/31152","targetHints":{"allow":["GET"]}}],"collection":[{"href":"https:\/\/www.elpolitologoyelpolitico.com.ar\/wordpress\/wp-json\/wp\/v2\/posts"}],"about":[{"href":"https:\/\/www.elpolitologoyelpolitico.com.ar\/wordpress\/wp-json\/wp\/v2\/types\/post"}],"author":[{"embeddable":true,"href":"https:\/\/www.elpolitologoyelpolitico.com.ar\/wordpress\/wp-json\/wp\/v2\/users\/4"}],"replies":[{"embeddable":true,"href":"https:\/\/www.elpolitologoyelpolitico.com.ar\/wordpress\/wp-json\/wp\/v2\/comments?post=31152"}],"version-history":[{"count":0,"href":"https:\/\/www.elpolitologoyelpolitico.com.ar\/wordpress\/wp-json\/wp\/v2\/posts\/31152\/revisions"}],"wp:featuredmedia":[{"embeddable":true,"href":"https:\/\/www.elpolitologoyelpolitico.com.ar\/wordpress\/wp-json\/wp\/v2\/media\/31153"}],"wp:attachment":[{"href":"https:\/\/www.elpolitologoyelpolitico.com.ar\/wordpress\/wp-json\/wp\/v2\/media?parent=31152"}],"wp:term":[{"taxonomy":"category","embeddable":true,"href":"https:\/\/www.elpolitologoyelpolitico.com.ar\/wordpress\/wp-json\/wp\/v2\/categories?post=31152"},{"taxonomy":"post_tag","embeddable":true,"href":"https:\/\/www.elpolitologoyelpolitico.com.ar\/wordpress\/wp-json\/wp\/v2\/tags?post=31152"}],"curies":[{"name":"wp","href":"https:\/\/api.w.org\/{rel}","templated":true}]}}