{"id":31147,"date":"2023-05-26T22:46:45","date_gmt":"2023-05-26T22:46:45","guid":{"rendered":"https:\/\/www.elpolitologoyelpolitico.com.ar\/wordpress\/?p=31147"},"modified":"2023-05-26T22:46:46","modified_gmt":"2023-05-26T22:46:46","slug":"la-oficina-de-atencion-a-victimas-de-violencia-tiene-nueva-sede-en-villalonga","status":"publish","type":"post","link":"https:\/\/www.elpolitologoyelpolitico.com.ar\/wordpress\/2023\/05\/26\/la-oficina-de-atencion-a-victimas-de-violencia-tiene-nueva-sede-en-villalonga\/","title":{"rendered":"La Oficina de Atenci\u00f3n a V\u00edctimas de Violencia tiene nueva sede en Villalonga"},"content":{"rendered":"\n<p>El Intendente Municipal, Ing. Jos\u00e9 Luis Zara, visit\u00f3 la nueva sede de la Oficina de Atenci\u00f3n a V\u00edctimas de violencia de g\u00e9nero en Villalonga.<\/p>\n\n\n\n<p>Luego de recorrer el lugar, el Intendente destac\u00f3 que \u00abson mejores instalaciones y m\u00e1s amplias que permiten cobijar a las v\u00edctimas que vienen a realizar una denuncia, por quienes venimos trabajando en conjunto con la Comisar\u00eda de la Mujer, la Delegaci\u00f3n Municipal de Villalonga, con quienes tambi\u00e9n como Estado municipal hemos implementando herramientas como el bot\u00f3n de p\u00e1nico y lo pusimos a disposici\u00f3n de las mismas, junto a la Direcci\u00f3n de Ni\u00f1ez, Adolescencia, Juventud y G\u00e9nero\u00bb.<\/p>\n\n\n\n<p>Lo acompa\u00f1aron, el Jefe de Gabinete, Fabio Bettinelli, la Delegada Municipal, Valeria M\u00e9ndez, la Coordinadora Zonal de Pol\u00edticas de G\u00e9nero, Claudia Damico, el Jefe de la Polic\u00eda Comunal, Javier Gallardi, la Jefa de la Comisar\u00eda de la Mujer, Eliana Guti\u00e9rrez, la Directora de Ni\u00f1ez, Adolescencia, Juventud y G\u00e9nero, Jorgelina Castronovo, la Directora de Ceremonial y Protocolo, Cyntia C\u00e1ceres, la Directora de Tr\u00e1nsito, Tamara Albrech y el concejal de Juntos, Diego Stainnekker.<\/p>\n\n\n\n<p>La nueva sede est\u00e1 ubicada en la calle Brasil N\u00b0185.<\/p>\n\n\n\n<figure class=\"wp-block-gallery has-nested-images columns-default is-cropped wp-block-gallery-1 is-layout-flex wp-block-gallery-is-layout-flex\">\n<figure class=\"wp-block-image size-large\"><img fetchpriority=\"high\" decoding=\"async\" width=\"768\" height=\"1024\" data-id=\"31149\" src=\"https:\/\/www.elpolitologoyelpolitico.com.ar\/wp-content\/uploads\/2023\/05\/IMG-20230526-WA0008-768x1024.jpg\" alt=\"\" class=\"wp-image-31149\" srcset=\"https:\/\/www.elpolitologoyelpolitico.com.ar\/wp-content\/uploads\/2023\/05\/IMG-20230526-WA0008-768x1024.jpg 768w, https:\/\/www.elpolitologoyelpolitico.com.ar\/wp-content\/uploads\/2023\/05\/IMG-20230526-WA0008-225x300.jpg 225w, https:\/\/www.elpolitologoyelpolitico.com.ar\/wp-content\/uploads\/2023\/05\/IMG-20230526-WA0008-1152x1536.jpg 1152w, https:\/\/www.elpolitologoyelpolitico.com.ar\/wp-content\/uploads\/2023\/05\/IMG-20230526-WA0008.jpg 1200w\" sizes=\"(max-width: 768px) 100vw, 768px\" \/><\/figure>\n\n\n\n<figure class=\"wp-block-image size-large\"><img decoding=\"async\" width=\"1024\" height=\"768\" data-id=\"31150\" src=\"https:\/\/www.elpolitologoyelpolitico.com.ar\/wp-content\/uploads\/2023\/05\/IMG-20230526-WA0009-1024x768.jpg\" alt=\"\" class=\"wp-image-31150\" srcset=\"https:\/\/www.elpolitologoyelpolitico.com.ar\/wp-content\/uploads\/2023\/05\/IMG-20230526-WA0009-1024x768.jpg 1024w, https:\/\/www.elpolitologoyelpolitico.com.ar\/wp-content\/uploads\/2023\/05\/IMG-20230526-WA0009-300x225.jpg 300w, https:\/\/www.elpolitologoyelpolitico.com.ar\/wp-content\/uploads\/2023\/05\/IMG-20230526-WA0009-768x576.jpg 768w, https:\/\/www.elpolitologoyelpolitico.com.ar\/wp-content\/uploads\/2023\/05\/IMG-20230526-WA0009-1536x1152.jpg 1536w, https:\/\/www.elpolitologoyelpolitico.com.ar\/wp-content\/uploads\/2023\/05\/IMG-20230526-WA0009.jpg 1600w\" sizes=\"(max-width: 1024px) 100vw, 1024px\" \/><\/figure>\n<\/figure>\n<div class=\"fb-background-color\">\n\t\t\t  <div \n\t\t\t  \tclass = \"fb-comments\" \n\t\t\t  \tdata-href = \"https:\/\/www.elpolitologoyelpolitico.com.ar\/wordpress\/2023\/05\/26\/la-oficina-de-atencion-a-victimas-de-violencia-tiene-nueva-sede-en-villalonga\/\"\n\t\t\t  \tdata-numposts = \"10\"\n\t\t\t  \tdata-lazy = \"true\"\n\t\t\t\tdata-colorscheme = \"light\"\n\t\t\t\tdata-order-by = \"social\"\n\t\t\t\tdata-mobile=true>\n\t\t\t  <\/div><\/div>\n\t\t  <style>\n\t\t    .fb-background-color {\n\t\t\t\tbackground: #ffffff !important;\n\t\t\t}\n\t\t\t.fb_iframe_widget_fluid_desktop iframe {\n\t\t\t    width: 100% !important;\n\t\t\t}\n\t\t  <\/style>\n\t\t  ","protected":false},"excerpt":{"rendered":"<p>El Intendente Municipal, Ing. Jos\u00e9 Luis Zara, visit\u00f3 la nueva sede de la Oficina de Atenci\u00f3n a V\u00edctimas de violencia de g\u00e9nero en Villalonga. Luego de recorrer el lugar, el Intendente destac\u00f3 que \u00abson mejores instalaciones y m\u00e1s amplias que permiten cobijar a las v\u00edctimas que vienen a realizar una denuncia, por quienes venimos trabajando [&hellip;]<\/p>\n","protected":false},"author":4,"featured_media":31148,"comment_status":"closed","ping_status":"closed","sticky":false,"template":"","format":"standard","meta":{"_joinchat":[],"footnotes":""},"categories":[4],"tags":[],"class_list":["post-31147","post","type-post","status-publish","format-standard","has-post-thumbnail","hentry","category-politicas-publicas"],"_links":{"self":[{"href":"https:\/\/www.elpolitologoyelpolitico.com.ar\/wordpress\/wp-json\/wp\/v2\/posts\/31147","targetHints":{"allow":["GET"]}}],"collection":[{"href":"https:\/\/www.elpolitologoyelpolitico.com.ar\/wordpress\/wp-json\/wp\/v2\/posts"}],"about":[{"href":"https:\/\/www.elpolitologoyelpolitico.com.ar\/wordpress\/wp-json\/wp\/v2\/types\/post"}],"author":[{"embeddable":true,"href":"https:\/\/www.elpolitologoyelpolitico.com.ar\/wordpress\/wp-json\/wp\/v2\/users\/4"}],"replies":[{"embeddable":true,"href":"https:\/\/www.elpolitologoyelpolitico.com.ar\/wordpress\/wp-json\/wp\/v2\/comments?post=31147"}],"version-history":[{"count":0,"href":"https:\/\/www.elpolitologoyelpolitico.com.ar\/wordpress\/wp-json\/wp\/v2\/posts\/31147\/revisions"}],"wp:featuredmedia":[{"embeddable":true,"href":"https:\/\/www.elpolitologoyelpolitico.com.ar\/wordpress\/wp-json\/wp\/v2\/media\/31148"}],"wp:attachment":[{"href":"https:\/\/www.elpolitologoyelpolitico.com.ar\/wordpress\/wp-json\/wp\/v2\/media?parent=31147"}],"wp:term":[{"taxonomy":"category","embeddable":true,"href":"https:\/\/www.elpolitologoyelpolitico.com.ar\/wordpress\/wp-json\/wp\/v2\/categories?post=31147"},{"taxonomy":"post_tag","embeddable":true,"href":"https:\/\/www.elpolitologoyelpolitico.com.ar\/wordpress\/wp-json\/wp\/v2\/tags?post=31147"}],"curies":[{"name":"wp","href":"https:\/\/api.w.org\/{rel}","templated":true}]}}