{"id":31143,"date":"2023-05-25T19:16:42","date_gmt":"2023-05-25T19:16:42","guid":{"rendered":"https:\/\/www.elpolitologoyelpolitico.com.ar\/wordpress\/?p=31143"},"modified":"2023-05-25T19:16:43","modified_gmt":"2023-05-25T19:16:43","slug":"nacion-sigue-capacitando-en-idiomas-a-profesionales-turisticos-en-bariloche","status":"publish","type":"post","link":"https:\/\/www.elpolitologoyelpolitico.com.ar\/wordpress\/2023\/05\/25\/nacion-sigue-capacitando-en-idiomas-a-profesionales-turisticos-en-bariloche\/","title":{"rendered":"Naci\u00f3n sigue capacitando en idiomas a profesionales tur\u00edsticos en Bariloche"},"content":{"rendered":"\n<p>Con vistas a continuar con la profesionalizaci\u00f3n del servicio que proveen los trabajadores hoteleros de la Regi\u00f3n Andina, el pr\u00f3ximo lunes 29 de mayo dar\u00e1 inicio el primer encuentro de una formaci\u00f3n avanzada en el idioma ingl\u00e9s aplicado al trabajo y a los roles dentro de los establecimientos de hospedaje.<\/p>\n\n\n\n<p>Este espacio de formaci\u00f3n es organizado por el Ministerio de Turismo y Deportes de Naci\u00f3n junto con la Asociaci\u00f3n de Hoteles de Turismo -AHT- y con el acompa\u00f1amiento del Gobierno de R\u00edo Negro, y se llevar\u00e1 a cabo de forma virtual con el primer y \u00faltimo encuentro siendo de forma presencial en el Hotel Nahuel Huapi (Moreno 252).<\/p>\n\n\n\n<p>Vale mencionar que el espacio se llevar\u00e1 a cabo en 14 clases de formaci\u00f3n que tendr\u00e1n lugar durante los lunes, mi\u00e9rcoles y viernes de todo el pr\u00f3ximo mes, comenzando la pr\u00f3xima semana y finalizando el viernes 30 de junio, con los espacios virtuales realiz\u00e1ndose de 17 a 19 y los presenciales de 17 a 20 en el hotel barilochense.<\/p>\n\n\n\n<p>El cronograma completo se encuentra disponible en&nbsp;https:\/\/www.argentina.gob.ar\/sites\/default\/files\/cronograma_bariloche-aht.pdf. Las inscripciones se realizar\u00e1n de forma online en&nbsp;https:\/\/www.yvera.tur.ar\/capacitate\/generales\/inscripcion\/101.<\/p>\n\n\n\n<p>Esta capacitaci\u00f3n forma parte del programa de cursos federales de formaci\u00f3n avanzada te\u00f3rica y pr\u00e1ctica en hoteler\u00eda, gastronom\u00eda e idioma, una pol\u00edtica que busca fortalecer y potenciar el turismo receptivo de los visitantes extranjeros al pa\u00eds, enriqueciendo las competencias, habilidades y calificaciones de los trabajadores argentinos del sector para dar estos servicios.<\/p>\n\n\n\n<p>As\u00ed tambi\u00e9n, cabe destacar que este espacio se realiza a lo largo de todo el pa\u00eds, con capacitaciones en el idioma ingl\u00e9s ya llevadas adelante en lo que va del a\u00f1o en Tucum\u00e1n, Puerto Madryn, C\u00f3rdoba, El Calafate, Rosario, San Rafael, Puerto Iguaz\u00fa, Salta, Ushuaia, San Juan y Termas de R\u00edo Hondo, y otras ya programadas para la Ciudad de Buenos Aires; Pilar; Villa La Angostura y Col\u00f3n, Entre R\u00edos.<br>Por otra parte, vale destacar que durante el mes de abril ya se hab\u00eda llevado adelante en Bariloche una capacitaci\u00f3n de este mismo programa, siendo esta en el idioma portugu\u00e9s, por lo que esta nueva ocasi\u00f3n significa una oportunidad \u00fanica para los trabajadores andinos que participaron del anterior espacio de seguir form\u00e1ndose en distintos idiomas para proveer de un servicio de primer nivel a los visitantes extranjeros.<\/p>\n\n\n\n<p>De esta forma, el Gobierno de R\u00edo Negro sigue trabajando en conjunto con Naci\u00f3n para profesionalizar y jerarquizar a\u00fan m\u00e1s su servicio tur\u00edstico en las cuatro regiones de la provincia durante todo el a\u00f1o.<\/p>\n\n\n\n<figure class=\"wp-block-image size-large is-resized\"><img fetchpriority=\"high\" decoding=\"async\" src=\"https:\/\/www.elpolitologoyelpolitico.com.ar\/wp-content\/uploads\/2023\/05\/IMG-20230525-WA0020-1024x1024.jpg\" alt=\"\" class=\"wp-image-31145\" width=\"709\" height=\"709\" srcset=\"https:\/\/www.elpolitologoyelpolitico.com.ar\/wp-content\/uploads\/2023\/05\/IMG-20230525-WA0020-1024x1024.jpg 1024w, https:\/\/www.elpolitologoyelpolitico.com.ar\/wp-content\/uploads\/2023\/05\/IMG-20230525-WA0020-300x300.jpg 300w, https:\/\/www.elpolitologoyelpolitico.com.ar\/wp-content\/uploads\/2023\/05\/IMG-20230525-WA0020-150x150.jpg 150w, https:\/\/www.elpolitologoyelpolitico.com.ar\/wp-content\/uploads\/2023\/05\/IMG-20230525-WA0020-768x768.jpg 768w, https:\/\/www.elpolitologoyelpolitico.com.ar\/wp-content\/uploads\/2023\/05\/IMG-20230525-WA0020.jpg 1081w\" sizes=\"(max-width: 709px) 100vw, 709px\" \/><\/figure>\n<div class=\"fb-background-color\">\n\t\t\t  <div \n\t\t\t  \tclass = \"fb-comments\" \n\t\t\t  \tdata-href = \"https:\/\/www.elpolitologoyelpolitico.com.ar\/wordpress\/2023\/05\/25\/nacion-sigue-capacitando-en-idiomas-a-profesionales-turisticos-en-bariloche\/\"\n\t\t\t  \tdata-numposts = \"10\"\n\t\t\t  \tdata-lazy = \"true\"\n\t\t\t\tdata-colorscheme = \"light\"\n\t\t\t\tdata-order-by = \"social\"\n\t\t\t\tdata-mobile=true>\n\t\t\t  <\/div><\/div>\n\t\t  <style>\n\t\t    .fb-background-color {\n\t\t\t\tbackground: #ffffff !important;\n\t\t\t}\n\t\t\t.fb_iframe_widget_fluid_desktop iframe {\n\t\t\t    width: 100% !important;\n\t\t\t}\n\t\t  <\/style>\n\t\t  ","protected":false},"excerpt":{"rendered":"<p>Con vistas a continuar con la profesionalizaci\u00f3n del servicio que proveen los trabajadores hoteleros de la Regi\u00f3n Andina, el pr\u00f3ximo lunes 29 de mayo dar\u00e1 inicio el primer encuentro de una formaci\u00f3n avanzada en el idioma ingl\u00e9s aplicado al trabajo y a los roles dentro de los establecimientos de hospedaje. Este espacio de formaci\u00f3n es [&hellip;]<\/p>\n","protected":false},"author":4,"featured_media":31144,"comment_status":"closed","ping_status":"closed","sticky":false,"template":"","format":"standard","meta":{"_joinchat":[],"footnotes":""},"categories":[39],"tags":[],"class_list":["post-31143","post","type-post","status-publish","format-standard","has-post-thumbnail","hentry","category-en-esta-seccion"],"_links":{"self":[{"href":"https:\/\/www.elpolitologoyelpolitico.com.ar\/wordpress\/wp-json\/wp\/v2\/posts\/31143","targetHints":{"allow":["GET"]}}],"collection":[{"href":"https:\/\/www.elpolitologoyelpolitico.com.ar\/wordpress\/wp-json\/wp\/v2\/posts"}],"about":[{"href":"https:\/\/www.elpolitologoyelpolitico.com.ar\/wordpress\/wp-json\/wp\/v2\/types\/post"}],"author":[{"embeddable":true,"href":"https:\/\/www.elpolitologoyelpolitico.com.ar\/wordpress\/wp-json\/wp\/v2\/users\/4"}],"replies":[{"embeddable":true,"href":"https:\/\/www.elpolitologoyelpolitico.com.ar\/wordpress\/wp-json\/wp\/v2\/comments?post=31143"}],"version-history":[{"count":0,"href":"https:\/\/www.elpolitologoyelpolitico.com.ar\/wordpress\/wp-json\/wp\/v2\/posts\/31143\/revisions"}],"wp:featuredmedia":[{"embeddable":true,"href":"https:\/\/www.elpolitologoyelpolitico.com.ar\/wordpress\/wp-json\/wp\/v2\/media\/31144"}],"wp:attachment":[{"href":"https:\/\/www.elpolitologoyelpolitico.com.ar\/wordpress\/wp-json\/wp\/v2\/media?parent=31143"}],"wp:term":[{"taxonomy":"category","embeddable":true,"href":"https:\/\/www.elpolitologoyelpolitico.com.ar\/wordpress\/wp-json\/wp\/v2\/categories?post=31143"},{"taxonomy":"post_tag","embeddable":true,"href":"https:\/\/www.elpolitologoyelpolitico.com.ar\/wordpress\/wp-json\/wp\/v2\/tags?post=31143"}],"curies":[{"name":"wp","href":"https:\/\/api.w.org\/{rel}","templated":true}]}}