{"id":31138,"date":"2023-05-25T17:11:39","date_gmt":"2023-05-25T17:11:39","guid":{"rendered":"https:\/\/www.elpolitologoyelpolitico.com.ar\/wordpress\/?p=31138"},"modified":"2023-05-25T17:11:40","modified_gmt":"2023-05-25T17:11:40","slug":"inscripciones-abiertas-para-participar-en-la-instancia-local-de-futbol-en-los-juegos-evita-2023","status":"publish","type":"post","link":"https:\/\/www.elpolitologoyelpolitico.com.ar\/wordpress\/2023\/05\/25\/inscripciones-abiertas-para-participar-en-la-instancia-local-de-futbol-en-los-juegos-evita-2023\/","title":{"rendered":"INSCRIPCIONES ABIERTAS PARA PARTICIPAR EN LA INSTANCIA LOCAL DE F\u00daTBOL EN LOS JUEGOS EVITA 2023"},"content":{"rendered":"\n<p>El gobierno de Viedma junto a la Liga Barrial de F\u00fatbol Infantil, abren las inscripciones para participar en la instancia clasificatoria local en f\u00fatbol, para los Juegos Nacionales Evita 2023.<\/p>\n\n\n\n<p>Hasta el 30 de mayo podr\u00e1n inscribirse en categorias futbol 11 masculino Sub 14 (2009, 2010, 2011) f\u00fatbol 11 masculino Sub 16 (2007, 2008) y f\u00fatbol mixto Sub 14 (2010, 2014)<\/p>\n\n\n\n<p>Quienes deseen anotarse pueden hacerlo contactandose a trav\u00e9s de los numeros de tel\u00e9fono 2920-702135 (Angeles Merken) n\u00famero de tel\u00e9fono 2920-649626 (Paola Hernandez) o al 2920-620277 (Juan Carlos Montivero).<\/p>\n\n\n\n<p>En esta etapa se invita a todos aquellos que quieran participar incluyendo escuelas, clubes, asociaciones, ligas y diferentes instituciones que quieran sumarse a la competencia.<\/p>\n<div class=\"fb-background-color\">\n\t\t\t  <div \n\t\t\t  \tclass = \"fb-comments\" \n\t\t\t  \tdata-href = \"https:\/\/www.elpolitologoyelpolitico.com.ar\/wordpress\/2023\/05\/25\/inscripciones-abiertas-para-participar-en-la-instancia-local-de-futbol-en-los-juegos-evita-2023\/\"\n\t\t\t  \tdata-numposts = \"10\"\n\t\t\t  \tdata-lazy = \"true\"\n\t\t\t\tdata-colorscheme = \"light\"\n\t\t\t\tdata-order-by = \"social\"\n\t\t\t\tdata-mobile=true>\n\t\t\t  <\/div><\/div>\n\t\t  <style>\n\t\t    .fb-background-color {\n\t\t\t\tbackground: #ffffff !important;\n\t\t\t}\n\t\t\t.fb_iframe_widget_fluid_desktop iframe {\n\t\t\t    width: 100% !important;\n\t\t\t}\n\t\t  <\/style>\n\t\t  ","protected":false},"excerpt":{"rendered":"<p>El gobierno de Viedma junto a la Liga Barrial de F\u00fatbol Infantil, abren las inscripciones para participar en la instancia clasificatoria local en f\u00fatbol, para los Juegos Nacionales Evita 2023. Hasta el 30 de mayo podr\u00e1n inscribirse en categorias futbol 11 masculino Sub 14 (2009, 2010, 2011) f\u00fatbol 11 masculino Sub 16 (2007, 2008) y [&hellip;]<\/p>\n","protected":false},"author":4,"featured_media":31139,"comment_status":"closed","ping_status":"closed","sticky":false,"template":"","format":"standard","meta":{"_joinchat":[],"footnotes":""},"categories":[39],"tags":[],"class_list":["post-31138","post","type-post","status-publish","format-standard","has-post-thumbnail","hentry","category-en-esta-seccion"],"_links":{"self":[{"href":"https:\/\/www.elpolitologoyelpolitico.com.ar\/wordpress\/wp-json\/wp\/v2\/posts\/31138","targetHints":{"allow":["GET"]}}],"collection":[{"href":"https:\/\/www.elpolitologoyelpolitico.com.ar\/wordpress\/wp-json\/wp\/v2\/posts"}],"about":[{"href":"https:\/\/www.elpolitologoyelpolitico.com.ar\/wordpress\/wp-json\/wp\/v2\/types\/post"}],"author":[{"embeddable":true,"href":"https:\/\/www.elpolitologoyelpolitico.com.ar\/wordpress\/wp-json\/wp\/v2\/users\/4"}],"replies":[{"embeddable":true,"href":"https:\/\/www.elpolitologoyelpolitico.com.ar\/wordpress\/wp-json\/wp\/v2\/comments?post=31138"}],"version-history":[{"count":0,"href":"https:\/\/www.elpolitologoyelpolitico.com.ar\/wordpress\/wp-json\/wp\/v2\/posts\/31138\/revisions"}],"wp:featuredmedia":[{"embeddable":true,"href":"https:\/\/www.elpolitologoyelpolitico.com.ar\/wordpress\/wp-json\/wp\/v2\/media\/31139"}],"wp:attachment":[{"href":"https:\/\/www.elpolitologoyelpolitico.com.ar\/wordpress\/wp-json\/wp\/v2\/media?parent=31138"}],"wp:term":[{"taxonomy":"category","embeddable":true,"href":"https:\/\/www.elpolitologoyelpolitico.com.ar\/wordpress\/wp-json\/wp\/v2\/categories?post=31138"},{"taxonomy":"post_tag","embeddable":true,"href":"https:\/\/www.elpolitologoyelpolitico.com.ar\/wordpress\/wp-json\/wp\/v2\/tags?post=31138"}],"curies":[{"name":"wp","href":"https:\/\/api.w.org\/{rel}","templated":true}]}}