{"id":31128,"date":"2023-05-24T22:11:10","date_gmt":"2023-05-24T22:11:10","guid":{"rendered":"https:\/\/www.elpolitologoyelpolitico.com.ar\/wordpress\/?p=31128"},"modified":"2023-05-24T22:11:12","modified_gmt":"2023-05-24T22:11:12","slug":"viedma-pone-en-marcha-el-hogar-refugio-para-personas-en-situacion-de-calle","status":"publish","type":"post","link":"https:\/\/www.elpolitologoyelpolitico.com.ar\/wordpress\/2023\/05\/24\/viedma-pone-en-marcha-el-hogar-refugio-para-personas-en-situacion-de-calle\/","title":{"rendered":"Viedma pone en marcha el \u00abHogar Refugio\u00bb para personas en situaci\u00f3n de calle&nbsp;&nbsp;"},"content":{"rendered":"\n<p>El intendente Pesatti junto a la gobernadora Arabela Carreras, firm\u00f3 el convenio de colaboraci\u00f3n y cooperaci\u00f3n para la puesta en marcha del proyecto \u201cHogar Refugio Viedma\u201d para personas en situaci\u00f3n de calle.<\/p>\n\n\n\n<p>Este espacio, destinado a atender de forma integral la problem\u00e1tica de las personas en situaci\u00f3n de calle, est\u00e1 coordinado por la secretar\u00eda de Desarrollo e Integraci\u00f3n Social municipal, y prev\u00e9 el trabajo articulado con otras instituciones del Estado.<\/p>\n\n\n\n<p>\u00abSe trata de un servicio que necesitamos para atender a vecinos en situaciones extremas\u00bb, expres\u00f3 el intendente Pesatti y agreg\u00f3 que \u00abel Obispado de nuestra ciudad tuvo la decisi\u00f3n de poner en valor y acondicionar este espacio conjuntamente con el municipio y el gobierno provincial\u00bb.<\/p>\n\n\n\n<p>\u00abEs una pol\u00edtica inclusiva, integrada y por sobre todo humana, en tiempos donde la deshumanizaci\u00f3n prevalece en nuestra sociedad\u00bb, remarc\u00f3 Pesatti. A su vez, el titular del \u00e1rea social municipal Mario S\u00e1nchez, expres\u00f3 que \u201cestamos trabajando en la generaci\u00f3n de nuevas redes y alternativas para que el abordaje de esta problem\u00e1tica sea integral, teniendo en cuenta la legislaci\u00f3n, tanto provincial como nacional, que hay al respecto\u201d.<\/p>\n\n\n\n<p>\u201cEste hogar de tr\u00e1nsito funciona en un espacio del Obispado de nuestra ciudad, que a partir de un comodato queda en manos del municipio de Viedma\u201d, se\u00f1al\u00f3 S\u00e1nchez, y agreg\u00f3 que \u201cdecimos que es de \u2018tr\u00e1nsito\u2019 porque no podemos tener a las personas ah\u00ed para siempre.<\/p>\n\n\n\n<p>Necesitamos trabajar junto a otras \u00e1reas como Salud Mental, Educaci\u00f3n y Trabajo para que dar seguimiento a cada caso\u201d.<\/p>\n\n\n\n<p>Durante el acto, el intendente Pesatti adelant\u00f3 que en los pr\u00f3ximos d\u00edas enviar\u00e1 al Concejo Deliberante un proyecto de ordenanza para que este espacio de tr\u00e1nsito lleve el nombre de \u00abMario Cabrera\u00bb, vecino de nuestra ciudad que junto a su familia llev\u00f3 adelante el funcionamiento de este espacio con una actitud netamente solidaria.<\/p>\n\n\n\n<p>El Hogar de Tr\u00e1nsito tiene capacidad para diez personas y cuenta con cinco habitaciones, tres ba\u00f1os, una cocina y un comedor. La remodelaci\u00f3n y refacci\u00f3n de esta obra significa una inversi\u00f3n municipal de m\u00e1s de 10 millones de pesos.<\/p>\n\n\n\n<figure class=\"wp-block-gallery has-nested-images columns-default is-cropped wp-block-gallery-1 is-layout-flex wp-block-gallery-is-layout-flex\">\n<figure class=\"wp-block-image size-large\"><img fetchpriority=\"high\" decoding=\"async\" width=\"720\" height=\"480\" data-id=\"31130\" src=\"https:\/\/www.elpolitologoyelpolitico.com.ar\/wp-content\/uploads\/2023\/05\/IMG-20230524-WA0039.jpg\" alt=\"\" class=\"wp-image-31130\" srcset=\"https:\/\/www.elpolitologoyelpolitico.com.ar\/wp-content\/uploads\/2023\/05\/IMG-20230524-WA0039.jpg 720w, https:\/\/www.elpolitologoyelpolitico.com.ar\/wp-content\/uploads\/2023\/05\/IMG-20230524-WA0039-300x200.jpg 300w\" sizes=\"(max-width: 720px) 100vw, 720px\" \/><\/figure>\n\n\n\n<figure class=\"wp-block-image size-large\"><img decoding=\"async\" width=\"720\" height=\"480\" data-id=\"31131\" src=\"https:\/\/www.elpolitologoyelpolitico.com.ar\/wp-content\/uploads\/2023\/05\/IMG-20230524-WA0040.jpg\" alt=\"\" class=\"wp-image-31131\" srcset=\"https:\/\/www.elpolitologoyelpolitico.com.ar\/wp-content\/uploads\/2023\/05\/IMG-20230524-WA0040.jpg 720w, https:\/\/www.elpolitologoyelpolitico.com.ar\/wp-content\/uploads\/2023\/05\/IMG-20230524-WA0040-300x200.jpg 300w\" sizes=\"(max-width: 720px) 100vw, 720px\" \/><\/figure>\n<\/figure>\n<div class=\"fb-background-color\">\n\t\t\t  <div \n\t\t\t  \tclass = \"fb-comments\" \n\t\t\t  \tdata-href = \"https:\/\/www.elpolitologoyelpolitico.com.ar\/wordpress\/2023\/05\/24\/viedma-pone-en-marcha-el-hogar-refugio-para-personas-en-situacion-de-calle\/\"\n\t\t\t  \tdata-numposts = \"10\"\n\t\t\t  \tdata-lazy = \"true\"\n\t\t\t\tdata-colorscheme = \"light\"\n\t\t\t\tdata-order-by = \"social\"\n\t\t\t\tdata-mobile=true>\n\t\t\t  <\/div><\/div>\n\t\t  <style>\n\t\t    .fb-background-color {\n\t\t\t\tbackground: #ffffff !important;\n\t\t\t}\n\t\t\t.fb_iframe_widget_fluid_desktop iframe {\n\t\t\t    width: 100% !important;\n\t\t\t}\n\t\t  <\/style>\n\t\t  ","protected":false},"excerpt":{"rendered":"<p>El intendente Pesatti junto a la gobernadora Arabela Carreras, firm\u00f3 el convenio de colaboraci\u00f3n y cooperaci\u00f3n para la puesta en marcha del proyecto \u201cHogar Refugio Viedma\u201d para personas en situaci\u00f3n de calle. Este espacio, destinado a atender de forma integral la problem\u00e1tica de las personas en situaci\u00f3n de calle, est\u00e1 coordinado por la secretar\u00eda de [&hellip;]<\/p>\n","protected":false},"author":4,"featured_media":31129,"comment_status":"closed","ping_status":"closed","sticky":false,"template":"","format":"standard","meta":{"_joinchat":[],"footnotes":""},"categories":[4],"tags":[],"class_list":["post-31128","post","type-post","status-publish","format-standard","has-post-thumbnail","hentry","category-politicas-publicas"],"_links":{"self":[{"href":"https:\/\/www.elpolitologoyelpolitico.com.ar\/wordpress\/wp-json\/wp\/v2\/posts\/31128","targetHints":{"allow":["GET"]}}],"collection":[{"href":"https:\/\/www.elpolitologoyelpolitico.com.ar\/wordpress\/wp-json\/wp\/v2\/posts"}],"about":[{"href":"https:\/\/www.elpolitologoyelpolitico.com.ar\/wordpress\/wp-json\/wp\/v2\/types\/post"}],"author":[{"embeddable":true,"href":"https:\/\/www.elpolitologoyelpolitico.com.ar\/wordpress\/wp-json\/wp\/v2\/users\/4"}],"replies":[{"embeddable":true,"href":"https:\/\/www.elpolitologoyelpolitico.com.ar\/wordpress\/wp-json\/wp\/v2\/comments?post=31128"}],"version-history":[{"count":0,"href":"https:\/\/www.elpolitologoyelpolitico.com.ar\/wordpress\/wp-json\/wp\/v2\/posts\/31128\/revisions"}],"wp:featuredmedia":[{"embeddable":true,"href":"https:\/\/www.elpolitologoyelpolitico.com.ar\/wordpress\/wp-json\/wp\/v2\/media\/31129"}],"wp:attachment":[{"href":"https:\/\/www.elpolitologoyelpolitico.com.ar\/wordpress\/wp-json\/wp\/v2\/media?parent=31128"}],"wp:term":[{"taxonomy":"category","embeddable":true,"href":"https:\/\/www.elpolitologoyelpolitico.com.ar\/wordpress\/wp-json\/wp\/v2\/categories?post=31128"},{"taxonomy":"post_tag","embeddable":true,"href":"https:\/\/www.elpolitologoyelpolitico.com.ar\/wordpress\/wp-json\/wp\/v2\/tags?post=31128"}],"curies":[{"name":"wp","href":"https:\/\/api.w.org\/{rel}","templated":true}]}}