{"id":31124,"date":"2023-05-24T21:58:10","date_gmt":"2023-05-24T21:58:10","guid":{"rendered":"https:\/\/www.elpolitologoyelpolitico.com.ar\/wordpress\/?p=31124"},"modified":"2023-05-24T21:58:12","modified_gmt":"2023-05-24T21:58:12","slug":"el-intendente-zara-presidio-la-licitacion-para-mejoras-en-el-edificio-de-la-escuela-secundaria-tecnica-1","status":"publish","type":"post","link":"https:\/\/www.elpolitologoyelpolitico.com.ar\/wordpress\/2023\/05\/24\/el-intendente-zara-presidio-la-licitacion-para-mejoras-en-el-edificio-de-la-escuela-secundaria-tecnica-1\/","title":{"rendered":"El Intendente Zara presidi\u00f3 la licitaci\u00f3n para mejoras en el edificio de la Escuela Secundaria T\u00e9cnica 1"},"content":{"rendered":"\n<p>Se concret\u00f3 hoy el acto licitatorio para la obra de refacci\u00f3n sanitaria en la Escuela Secundaria T\u00e9cnica N\u00b01, de Carmen de Patagones.<\/p>\n\n\n\n<p>El acto fue presidido por el Intendente Municipal, Ing. Jos\u00e9 Luis Zara, quien estuvo acompa\u00f1ado por la vicepresidente del Consejo Escolar, Silvia Fiori, la Directora de Gobierno, Adriana Llambay, y la responsable del Departamento de Compras, Norma Mesa.<\/p>\n\n\n\n<p>La obra licitada contar\u00e1 con un presupuesto oficial de m\u00e1s de ocho millones de pesos que se invertir\u00e1n a trav\u00e9s del Programa de Emergencia Educativa Edilicia, en el marco de la Ley 15165.<\/p>\n\n\n\n<figure class=\"wp-block-image size-large\"><img fetchpriority=\"high\" decoding=\"async\" width=\"1024\" height=\"683\" src=\"https:\/\/www.elpolitologoyelpolitico.com.ar\/wp-content\/uploads\/2023\/05\/IMG-20230524-WA0037-1024x683.jpg\" alt=\"\" class=\"wp-image-31126\" srcset=\"https:\/\/www.elpolitologoyelpolitico.com.ar\/wp-content\/uploads\/2023\/05\/IMG-20230524-WA0037-1024x683.jpg 1024w, https:\/\/www.elpolitologoyelpolitico.com.ar\/wp-content\/uploads\/2023\/05\/IMG-20230524-WA0037-300x200.jpg 300w, https:\/\/www.elpolitologoyelpolitico.com.ar\/wp-content\/uploads\/2023\/05\/IMG-20230524-WA0037-768x512.jpg 768w, https:\/\/www.elpolitologoyelpolitico.com.ar\/wp-content\/uploads\/2023\/05\/IMG-20230524-WA0037-1536x1024.jpg 1536w, https:\/\/www.elpolitologoyelpolitico.com.ar\/wp-content\/uploads\/2023\/05\/IMG-20230524-WA0037.jpg 1599w\" sizes=\"(max-width: 1024px) 100vw, 1024px\" \/><\/figure>\n<div class=\"fb-background-color\">\n\t\t\t  <div \n\t\t\t  \tclass = \"fb-comments\" \n\t\t\t  \tdata-href = \"https:\/\/www.elpolitologoyelpolitico.com.ar\/wordpress\/2023\/05\/24\/el-intendente-zara-presidio-la-licitacion-para-mejoras-en-el-edificio-de-la-escuela-secundaria-tecnica-1\/\"\n\t\t\t  \tdata-numposts = \"10\"\n\t\t\t  \tdata-lazy = \"true\"\n\t\t\t\tdata-colorscheme = \"light\"\n\t\t\t\tdata-order-by = \"social\"\n\t\t\t\tdata-mobile=true>\n\t\t\t  <\/div><\/div>\n\t\t  <style>\n\t\t    .fb-background-color {\n\t\t\t\tbackground: #ffffff !important;\n\t\t\t}\n\t\t\t.fb_iframe_widget_fluid_desktop iframe {\n\t\t\t    width: 100% !important;\n\t\t\t}\n\t\t  <\/style>\n\t\t  ","protected":false},"excerpt":{"rendered":"<p>Se concret\u00f3 hoy el acto licitatorio para la obra de refacci\u00f3n sanitaria en la Escuela Secundaria T\u00e9cnica N\u00b01, de Carmen de Patagones. El acto fue presidido por el Intendente Municipal, Ing. Jos\u00e9 Luis Zara, quien estuvo acompa\u00f1ado por la vicepresidente del Consejo Escolar, Silvia Fiori, la Directora de Gobierno, Adriana Llambay, y la responsable del [&hellip;]<\/p>\n","protected":false},"author":4,"featured_media":31125,"comment_status":"closed","ping_status":"closed","sticky":false,"template":"","format":"standard","meta":{"_joinchat":[],"footnotes":""},"categories":[4],"tags":[],"class_list":["post-31124","post","type-post","status-publish","format-standard","has-post-thumbnail","hentry","category-politicas-publicas"],"_links":{"self":[{"href":"https:\/\/www.elpolitologoyelpolitico.com.ar\/wordpress\/wp-json\/wp\/v2\/posts\/31124","targetHints":{"allow":["GET"]}}],"collection":[{"href":"https:\/\/www.elpolitologoyelpolitico.com.ar\/wordpress\/wp-json\/wp\/v2\/posts"}],"about":[{"href":"https:\/\/www.elpolitologoyelpolitico.com.ar\/wordpress\/wp-json\/wp\/v2\/types\/post"}],"author":[{"embeddable":true,"href":"https:\/\/www.elpolitologoyelpolitico.com.ar\/wordpress\/wp-json\/wp\/v2\/users\/4"}],"replies":[{"embeddable":true,"href":"https:\/\/www.elpolitologoyelpolitico.com.ar\/wordpress\/wp-json\/wp\/v2\/comments?post=31124"}],"version-history":[{"count":0,"href":"https:\/\/www.elpolitologoyelpolitico.com.ar\/wordpress\/wp-json\/wp\/v2\/posts\/31124\/revisions"}],"wp:featuredmedia":[{"embeddable":true,"href":"https:\/\/www.elpolitologoyelpolitico.com.ar\/wordpress\/wp-json\/wp\/v2\/media\/31125"}],"wp:attachment":[{"href":"https:\/\/www.elpolitologoyelpolitico.com.ar\/wordpress\/wp-json\/wp\/v2\/media?parent=31124"}],"wp:term":[{"taxonomy":"category","embeddable":true,"href":"https:\/\/www.elpolitologoyelpolitico.com.ar\/wordpress\/wp-json\/wp\/v2\/categories?post=31124"},{"taxonomy":"post_tag","embeddable":true,"href":"https:\/\/www.elpolitologoyelpolitico.com.ar\/wordpress\/wp-json\/wp\/v2\/tags?post=31124"}],"curies":[{"name":"wp","href":"https:\/\/api.w.org\/{rel}","templated":true}]}}