{"id":31111,"date":"2023-05-24T12:29:50","date_gmt":"2023-05-24T12:29:50","guid":{"rendered":"https:\/\/www.elpolitologoyelpolitico.com.ar\/wordpress\/?p=31111"},"modified":"2023-05-24T12:29:52","modified_gmt":"2023-05-24T12:29:52","slug":"zara-participo-de-la-entrega-de-netbooks-del-plan-conectar-igualdad-a-estudiantes-de-escuelas-secundarias-de-patagones","status":"publish","type":"post","link":"https:\/\/www.elpolitologoyelpolitico.com.ar\/wordpress\/2023\/05\/24\/zara-participo-de-la-entrega-de-netbooks-del-plan-conectar-igualdad-a-estudiantes-de-escuelas-secundarias-de-patagones\/","title":{"rendered":"Zara particip\u00f3 de la entrega de Netbooks del plan \u201cConectar Igualdad\u201d a estudiantes de Escuelas Secundarias de Patagones"},"content":{"rendered":"\n<p>El Intendente Municipal, Ing. Jos\u00e9 Luis Zara, junto al titular de la Jefatura Regional de Educaci\u00f3n, Claudio Martini, particip\u00f3 ayer de la entrega de netbooks del Plan Conectar Igualdad bonaerense a estudiantes de las Escuelas Secundarias 6 y 8 y de la Escuela Agraria N\u00b01, en la sede de la Escuela Secundaria N\u00b0 8.<\/p>\n\n\n\n<p>Estuvieron presentes, la Inspectora Jefe Distrital de Educaci\u00f3n, Claudia Azpiroz, el jefe de Gabinete, Fabio Bettinelli, la vicepresidente del Consejo Escolar, Silvia Fiori, el presidente del Honorable Concejo Deliberante, Julio Costantino, y concejales municipales.<\/p>\n\n\n\n<p>Adem\u00e1s, participaron la Directora de la Escuela Secundaria N\u00b08, Mariana Camau, la Directora de la Escuela Secundaria N\u00b06, Solange Cornet, y la Directora de la Escuela Agraria N\u00b01, Rosana Ricca.<\/p>\n\n\n\n<p>En la oportunidad, el Jefe Regional de Educaci\u00f3n, Claudio Martini, expres\u00f3: \u201cCada vez que regreso al Distrito, a Patagones, que es el m\u00e1s austral de la Provincia de Buenos Aires es una alegr\u00eda porque cada vez que me encuentro con educadores, docentes, con el cuerpo pol\u00edtico me hacen sentir en casa y eso es un momento de mucho destaque. Pensar en el Plan Conectar Igualdad bonaerense es pensar en restituir los derechos de nuestros estudiantes: 6\u00b0a\u00f1o de la Escuela Secundaria y 7\u00b0 de la escuela agraria, hoy entregamos 79 computadoras, que es una iniciativa del gobierno provincial de Axel Kicillof, de la Jefatura de Gabinete y de todo el equipo de la Direcci\u00f3n General de Cultura y Educaci\u00f3n, en la figura de Marcos Sileoni\u201d.<\/p>\n\n\n\n<p>Del mismo modo, destac\u00f3 que los equipos ser\u00e1n \u00fatiles para los j\u00f3venes \u201cno solo para el presente ciclo, sino tambi\u00e9n para cursar sus estudios superiores e insertarse en el mundo laboral\u201d.<\/p>\n\n\n\n<p>Por su parte, el Intendente Zara expres\u00f3: \u201ces un placer acompa\u00f1ar a las instituciones educativas que hoy reciben las netbooks a trav\u00e9s del programa Conectar Igualdad Bonaerense. Le agradezco al Jefe Regional de Educaci\u00f3n porque hoy los j\u00f3venes pueden recibir esta herramienta tan importante y tambi\u00e9n agradezco al Director de Cultura y Educaci\u00f3n porque con esta nueva herramienta tecnol\u00f3gica los estudiantes pueden acceder al aprendizaje, la informaci\u00f3n, a lo que les permite formarse\u201d.<\/p>\n\n\n\n<p>Conectar Igualdad es un programa del Ministerio de Educaci\u00f3n Nacional y una pol\u00edtica de inclusi\u00f3n digital de alcance federal que contempla la distribuci\u00f3n de material educativo y tecnol\u00f3gico y el despliegue de acciones de conectividad.<\/p>\n\n\n\n<figure class=\"wp-block-gallery has-nested-images columns-default is-cropped wp-block-gallery-1 is-layout-flex wp-block-gallery-is-layout-flex\">\n<figure class=\"wp-block-image size-large\"><img fetchpriority=\"high\" decoding=\"async\" width=\"1024\" height=\"683\" data-id=\"31113\" src=\"https:\/\/www.elpolitologoyelpolitico.com.ar\/wp-content\/uploads\/2023\/05\/IMG-20230524-WA0003-1024x683.jpg\" alt=\"\" class=\"wp-image-31113\" srcset=\"https:\/\/www.elpolitologoyelpolitico.com.ar\/wp-content\/uploads\/2023\/05\/IMG-20230524-WA0003-1024x683.jpg 1024w, https:\/\/www.elpolitologoyelpolitico.com.ar\/wp-content\/uploads\/2023\/05\/IMG-20230524-WA0003-300x200.jpg 300w, https:\/\/www.elpolitologoyelpolitico.com.ar\/wp-content\/uploads\/2023\/05\/IMG-20230524-WA0003-768x512.jpg 768w, https:\/\/www.elpolitologoyelpolitico.com.ar\/wp-content\/uploads\/2023\/05\/IMG-20230524-WA0003-1536x1024.jpg 1536w, https:\/\/www.elpolitologoyelpolitico.com.ar\/wp-content\/uploads\/2023\/05\/IMG-20230524-WA0003.jpg 1599w\" sizes=\"(max-width: 1024px) 100vw, 1024px\" \/><\/figure>\n\n\n\n<figure class=\"wp-block-image size-large\"><img decoding=\"async\" width=\"1007\" height=\"1024\" data-id=\"31114\" src=\"https:\/\/www.elpolitologoyelpolitico.com.ar\/wp-content\/uploads\/2023\/05\/IMG-20230524-WA0002-1007x1024.jpg\" alt=\"\" class=\"wp-image-31114\" srcset=\"https:\/\/www.elpolitologoyelpolitico.com.ar\/wp-content\/uploads\/2023\/05\/IMG-20230524-WA0002-1007x1024.jpg 1007w, https:\/\/www.elpolitologoyelpolitico.com.ar\/wp-content\/uploads\/2023\/05\/IMG-20230524-WA0002-295x300.jpg 295w, https:\/\/www.elpolitologoyelpolitico.com.ar\/wp-content\/uploads\/2023\/05\/IMG-20230524-WA0002-768x781.jpg 768w, https:\/\/www.elpolitologoyelpolitico.com.ar\/wp-content\/uploads\/2023\/05\/IMG-20230524-WA0002.jpg 1061w\" sizes=\"(max-width: 1007px) 100vw, 1007px\" \/><\/figure>\n<\/figure>\n<div class=\"fb-background-color\">\n\t\t\t  <div \n\t\t\t  \tclass = \"fb-comments\" \n\t\t\t  \tdata-href = \"https:\/\/www.elpolitologoyelpolitico.com.ar\/wordpress\/2023\/05\/24\/zara-participo-de-la-entrega-de-netbooks-del-plan-conectar-igualdad-a-estudiantes-de-escuelas-secundarias-de-patagones\/\"\n\t\t\t  \tdata-numposts = \"10\"\n\t\t\t  \tdata-lazy = \"true\"\n\t\t\t\tdata-colorscheme = \"light\"\n\t\t\t\tdata-order-by = \"social\"\n\t\t\t\tdata-mobile=true>\n\t\t\t  <\/div><\/div>\n\t\t  <style>\n\t\t    .fb-background-color {\n\t\t\t\tbackground: #ffffff !important;\n\t\t\t}\n\t\t\t.fb_iframe_widget_fluid_desktop iframe {\n\t\t\t    width: 100% !important;\n\t\t\t}\n\t\t  <\/style>\n\t\t  ","protected":false},"excerpt":{"rendered":"<p>El Intendente Municipal, Ing. Jos\u00e9 Luis Zara, junto al titular de la Jefatura Regional de Educaci\u00f3n, Claudio Martini, particip\u00f3 ayer de la entrega de netbooks del Plan Conectar Igualdad bonaerense a estudiantes de las Escuelas Secundarias 6 y 8 y de la Escuela Agraria N\u00b01, en la sede de la Escuela Secundaria N\u00b0 8. Estuvieron [&hellip;]<\/p>\n","protected":false},"author":4,"featured_media":31112,"comment_status":"closed","ping_status":"closed","sticky":false,"template":"","format":"standard","meta":{"_joinchat":[],"footnotes":""},"categories":[4],"tags":[],"class_list":["post-31111","post","type-post","status-publish","format-standard","has-post-thumbnail","hentry","category-politicas-publicas"],"_links":{"self":[{"href":"https:\/\/www.elpolitologoyelpolitico.com.ar\/wordpress\/wp-json\/wp\/v2\/posts\/31111","targetHints":{"allow":["GET"]}}],"collection":[{"href":"https:\/\/www.elpolitologoyelpolitico.com.ar\/wordpress\/wp-json\/wp\/v2\/posts"}],"about":[{"href":"https:\/\/www.elpolitologoyelpolitico.com.ar\/wordpress\/wp-json\/wp\/v2\/types\/post"}],"author":[{"embeddable":true,"href":"https:\/\/www.elpolitologoyelpolitico.com.ar\/wordpress\/wp-json\/wp\/v2\/users\/4"}],"replies":[{"embeddable":true,"href":"https:\/\/www.elpolitologoyelpolitico.com.ar\/wordpress\/wp-json\/wp\/v2\/comments?post=31111"}],"version-history":[{"count":0,"href":"https:\/\/www.elpolitologoyelpolitico.com.ar\/wordpress\/wp-json\/wp\/v2\/posts\/31111\/revisions"}],"wp:featuredmedia":[{"embeddable":true,"href":"https:\/\/www.elpolitologoyelpolitico.com.ar\/wordpress\/wp-json\/wp\/v2\/media\/31112"}],"wp:attachment":[{"href":"https:\/\/www.elpolitologoyelpolitico.com.ar\/wordpress\/wp-json\/wp\/v2\/media?parent=31111"}],"wp:term":[{"taxonomy":"category","embeddable":true,"href":"https:\/\/www.elpolitologoyelpolitico.com.ar\/wordpress\/wp-json\/wp\/v2\/categories?post=31111"},{"taxonomy":"post_tag","embeddable":true,"href":"https:\/\/www.elpolitologoyelpolitico.com.ar\/wordpress\/wp-json\/wp\/v2\/tags?post=31111"}],"curies":[{"name":"wp","href":"https:\/\/api.w.org\/{rel}","templated":true}]}}