{"id":31108,"date":"2023-05-24T12:14:53","date_gmt":"2023-05-24T12:14:53","guid":{"rendered":"https:\/\/www.elpolitologoyelpolitico.com.ar\/wordpress\/?p=31108"},"modified":"2023-05-24T12:14:55","modified_gmt":"2023-05-24T12:14:55","slug":"martin-soria-recibe-a-legisladores-del-fdt-de-cara-a-las-elecciones-nacionales","status":"publish","type":"post","link":"https:\/\/www.elpolitologoyelpolitico.com.ar\/wordpress\/2023\/05\/24\/martin-soria-recibe-a-legisladores-del-fdt-de-cara-a-las-elecciones-nacionales\/","title":{"rendered":"Mart\u00edn Soria recibe a Legisladores del FdT de cara a las elecciones nacionales."},"content":{"rendered":"\n<p>Siguen las reuniones por parte de los legisladores del Frente de Todos de Rio Negro, Mar\u00eda Eugenia Martini, Jos\u00e9 Luis Berros y Alejandro Marinao con funcionarios del gobierno nacional.<\/p>\n\n\n\n<p>Ayer martes por la ma\u00f1ana los diputados rionegrinos fueron recibidos por el Ministro de Justicia de la Naci\u00f3n, Martin Soria.<\/p>\n\n\n\n<p>Repasaron la realidad institucional y pol\u00edtica del pa\u00eds y tambi\u00e9n de R\u00edo Negro. A su vez, analizaron la situaci\u00f3n del Partido Justicialista rionegrino y el rol pol\u00edtico del peronismo provincial ante la proximidad de las elecciones primarias y la representaci\u00f3n rionegrina a nivel nacional.<\/p>\n\n\n\n<p>Asimismo, Berros y Martini expresaron en sus redes \u00abcompartimos con el ministro adem\u00e1s, la situaci\u00f3n de distintos municipios de la provincia y la expectativa por las elecciones locales que restan para este a\u00f1o\u00bb.<\/p>\n<div class=\"fb-background-color\">\n\t\t\t  <div \n\t\t\t  \tclass = \"fb-comments\" \n\t\t\t  \tdata-href = \"https:\/\/www.elpolitologoyelpolitico.com.ar\/wordpress\/2023\/05\/24\/martin-soria-recibe-a-legisladores-del-fdt-de-cara-a-las-elecciones-nacionales\/\"\n\t\t\t  \tdata-numposts = \"10\"\n\t\t\t  \tdata-lazy = \"true\"\n\t\t\t\tdata-colorscheme = \"light\"\n\t\t\t\tdata-order-by = \"social\"\n\t\t\t\tdata-mobile=true>\n\t\t\t  <\/div><\/div>\n\t\t  <style>\n\t\t    .fb-background-color {\n\t\t\t\tbackground: #ffffff !important;\n\t\t\t}\n\t\t\t.fb_iframe_widget_fluid_desktop iframe {\n\t\t\t    width: 100% !important;\n\t\t\t}\n\t\t  <\/style>\n\t\t  ","protected":false},"excerpt":{"rendered":"<p>Siguen las reuniones por parte de los legisladores del Frente de Todos de Rio Negro, Mar\u00eda Eugenia Martini, Jos\u00e9 Luis Berros y Alejandro Marinao con funcionarios del gobierno nacional. Ayer martes por la ma\u00f1ana los diputados rionegrinos fueron recibidos por el Ministro de Justicia de la Naci\u00f3n, Martin Soria. Repasaron la realidad institucional y pol\u00edtica [&hellip;]<\/p>\n","protected":false},"author":4,"featured_media":31109,"comment_status":"closed","ping_status":"closed","sticky":false,"template":"","format":"standard","meta":{"_joinchat":[],"footnotes":""},"categories":[38],"tags":[],"class_list":["post-31108","post","type-post","status-publish","format-standard","has-post-thumbnail","hentry","category-elecciones"],"_links":{"self":[{"href":"https:\/\/www.elpolitologoyelpolitico.com.ar\/wordpress\/wp-json\/wp\/v2\/posts\/31108","targetHints":{"allow":["GET"]}}],"collection":[{"href":"https:\/\/www.elpolitologoyelpolitico.com.ar\/wordpress\/wp-json\/wp\/v2\/posts"}],"about":[{"href":"https:\/\/www.elpolitologoyelpolitico.com.ar\/wordpress\/wp-json\/wp\/v2\/types\/post"}],"author":[{"embeddable":true,"href":"https:\/\/www.elpolitologoyelpolitico.com.ar\/wordpress\/wp-json\/wp\/v2\/users\/4"}],"replies":[{"embeddable":true,"href":"https:\/\/www.elpolitologoyelpolitico.com.ar\/wordpress\/wp-json\/wp\/v2\/comments?post=31108"}],"version-history":[{"count":0,"href":"https:\/\/www.elpolitologoyelpolitico.com.ar\/wordpress\/wp-json\/wp\/v2\/posts\/31108\/revisions"}],"wp:featuredmedia":[{"embeddable":true,"href":"https:\/\/www.elpolitologoyelpolitico.com.ar\/wordpress\/wp-json\/wp\/v2\/media\/31109"}],"wp:attachment":[{"href":"https:\/\/www.elpolitologoyelpolitico.com.ar\/wordpress\/wp-json\/wp\/v2\/media?parent=31108"}],"wp:term":[{"taxonomy":"category","embeddable":true,"href":"https:\/\/www.elpolitologoyelpolitico.com.ar\/wordpress\/wp-json\/wp\/v2\/categories?post=31108"},{"taxonomy":"post_tag","embeddable":true,"href":"https:\/\/www.elpolitologoyelpolitico.com.ar\/wordpress\/wp-json\/wp\/v2\/tags?post=31108"}],"curies":[{"name":"wp","href":"https:\/\/api.w.org\/{rel}","templated":true}]}}